{"id":1210,"date":"2016-03-07T17:26:19","date_gmt":"2016-03-07T16:26:19","guid":{"rendered":"http:\/\/www.downcentar.hr\/?p=1210"},"modified":"2016-03-07T17:26:19","modified_gmt":"2016-03-07T16:26:19","slug":"dv-vjeverice-nova-grupa-na-kupanju-bucbuc","status":"publish","type":"post","link":"http:\/\/www.downcentar.hr\/hr\/2016\/03\/07\/dv-vjeverice-nova-grupa-na-kupanju-bucbuc\/","title":{"rendered":"DV VJEVERICE &#8211; nova grupa na kupanju; bu\u0107,bu\u0107 :)"},"content":{"rendered":"<div id=\"amw_galleria_slideshow_1\" class=\"amw-galleria-slideshow\"><\/div>\n<script type=\"text\/javascript\">jQuery(document).ready(function(){ jQuery(\"#amw_galleria_slideshow_1\").galleria({\"dataSource\":[{\"image\":\"https:\\\/\\\/i0.wp.com\\\/www.downcentar.hr\\\/wp-content\\\/uploads\\\/2016\\\/03\\\/IMG_1886.jpg?fit=578%2C434\",\"big\":\"https:\\\/\\\/i0.wp.com\\\/www.downcentar.hr\\\/wp-content\\\/uploads\\\/2016\\\/03\\\/IMG_1886.jpg?fit=578%2C434\",\"thumb\":\"https:\\\/\\\/i0.wp.com\\\/www.downcentar.hr\\\/wp-content\\\/uploads\\\/2016\\\/03\\\/IMG_1886.jpg?resize=150%2C150\",\"title\":\"IMG_1886\",\"description\":\"\"},{\"image\":\"https:\\\/\\\/i0.wp.com\\\/www.downcentar.hr\\\/wp-content\\\/uploads\\\/2016\\\/03\\\/IMG_1887.jpg?fit=578%2C434\",\"big\":\"https:\\\/\\\/i0.wp.com\\\/www.downcentar.hr\\\/wp-content\\\/uploads\\\/2016\\\/03\\\/IMG_1887.jpg?fit=578%2C434\",\"thumb\":\"https:\\\/\\\/i0.wp.com\\\/www.downcentar.hr\\\/wp-content\\\/uploads\\\/2016\\\/03\\\/IMG_1887.jpg?resize=150%2C150\",\"title\":\"IMG_1887\",\"description\":\"\"},{\"image\":\"https:\\\/\\\/i0.wp.com\\\/www.downcentar.hr\\\/wp-content\\\/uploads\\\/2016\\\/03\\\/IMG_1888.jpg?fit=578%2C434\",\"big\":\"https:\\\/\\\/i0.wp.com\\\/www.downcentar.hr\\\/wp-content\\\/uploads\\\/2016\\\/03\\\/IMG_1888.jpg?fit=578%2C434\",\"thumb\":\"https:\\\/\\\/i0.wp.com\\\/www.downcentar.hr\\\/wp-content\\\/uploads\\\/2016\\\/03\\\/IMG_1888.jpg?resize=150%2C150\",\"title\":\"IMG_1888\",\"description\":\"\"},{\"image\":\"https:\\\/\\\/i0.wp.com\\\/www.downcentar.hr\\\/wp-content\\\/uploads\\\/2016\\\/03\\\/IMG_1889.jpg?fit=578%2C434\",\"big\":\"https:\\\/\\\/i0.wp.com\\\/www.downcentar.hr\\\/wp-content\\\/uploads\\\/2016\\\/03\\\/IMG_1889.jpg?fit=578%2C434\",\"thumb\":\"https:\\\/\\\/i0.wp.com\\\/www.downcentar.hr\\\/wp-content\\\/uploads\\\/2016\\\/03\\\/IMG_1889.jpg?resize=150%2C150\",\"title\":\"IMG_1889\",\"description\":\"\"},{\"image\":\"https:\\\/\\\/i0.wp.com\\\/www.downcentar.hr\\\/wp-content\\\/uploads\\\/2016\\\/03\\\/IMG_1890.jpg?fit=578%2C434\",\"big\":\"https:\\\/\\\/i0.wp.com\\\/www.downcentar.hr\\\/wp-content\\\/uploads\\\/2016\\\/03\\\/IMG_1890.jpg?fit=578%2C434\",\"thumb\":\"https:\\\/\\\/i0.wp.com\\\/www.downcentar.hr\\\/wp-content\\\/uploads\\\/2016\\\/03\\\/IMG_1890.jpg?resize=150%2C150\",\"title\":\"IMG_1890\",\"description\":\"\"}],\"width\":\"auto\",\"height\":0.7600000000000000088817841970012523233890533447265625,\"autoplay\":false,\"transition\":\"slide\",\"initialTransition\":\"fade\",\"transitionSpeed\":0,\"_delayTime\":4000,\"_hideControls\":false,\"_thumbnailMode\":\"grid\",\"_captionMode\":\"on_expand\"}); });<\/script>\n<p>Fotogalerija &#8211;\u00a0DV VJEVERICE &#8211; Nova grupa na kupanju; bu\u0107,bu\u0107 \ud83d\ude42<\/p>\n","protected":false},"excerpt":{"rendered":"<p>Fotogalerija &#8211;\u00a0DV VJEVERICE &#8211; Nova grupa na kupanju; bu\u0107,bu\u0107 \ud83d\ude42<\/p>\n","protected":false},"author":1,"featured_media":1215,"comment_status":"open","ping_status":"open","sticky":false,"template":"","format":"standard","meta":{"pgc_sgb_lightbox_settings":"","jetpack_post_was_ever_published":false,"_jetpack_newsletter_access":"","_jetpack_newsletter_tier_id":0,"footnotes":"","jetpack_publicize_message":"","jetpack_is_tweetstorm":false,"jetpack_publicize_feature_enabled":true,"jetpack_social_post_already_shared":true,"jetpack_social_options":{"image_generator_settings":{"template":"highway","enabled":false}}},"categories":[2],"tags":[],"jetpack_publicize_connections":[],"aioseo_notices":[],"jetpack_featured_media_url":"https:\/\/i0.wp.com\/www.downcentar.hr\/wp-content\/uploads\/2016\/03\/IMG_1890.jpg?fit=788%2C591","jetpack_sharing_enabled":true,"jetpack_shortlink":"https:\/\/wp.me\/p78Mt7-jw","jetpack-related-posts":[{"id":1020,"url":"http:\/\/www.downcentar.hr\/hr\/2016\/03\/02\/kupaci-dv-vjeverice-u-integraciji-video\/","url_meta":{"origin":1210,"position":0},"title":"KUPA\u010cI &#8211; DV VJEVERICE U INTEGRACIJI (Video)","author":"admin","date":"02\/03\/2016","format":false,"excerpt":"Kupa\u010di - DV Vjeverice u integraciji - svakako uz foto galeriju pogledajte i video ''Bu\u0107-bu\u0107''","rel":"","context":"U &quot;Novosti&quot;","block_context":{"text":"Novosti","link":"http:\/\/www.downcentar.hr\/hr\/category\/novosti\/"},"img":{"alt_text":"","src":"https:\/\/i0.wp.com\/www.downcentar.hr\/wp-content\/uploads\/2016\/03\/IMG_1660.jpg?fit=887%2C665&resize=350%2C200","width":350,"height":200,"srcset":"https:\/\/i0.wp.com\/www.downcentar.hr\/wp-content\/uploads\/2016\/03\/IMG_1660.jpg?fit=887%2C665&resize=350%2C200 1x, https:\/\/i0.wp.com\/www.downcentar.hr\/wp-content\/uploads\/2016\/03\/IMG_1660.jpg?fit=887%2C665&resize=525%2C300 1.5x, https:\/\/i0.wp.com\/www.downcentar.hr\/wp-content\/uploads\/2016\/03\/IMG_1660.jpg?fit=887%2C665&resize=700%2C400 2x"},"classes":[]},{"id":3006,"url":"http:\/\/www.downcentar.hr\/hr\/2016\/07\/02\/stigla-nam-je-i-druga-grupa-skauta-iz-belgije\/","url_meta":{"origin":1210,"position":1},"title":"stigla nam je i druga grupa skauta iz Belgije&#8230;:)))","author":"admin","date":"02\/07\/2016","format":false,"excerpt":"stigla nam je i druga grupa skauta iz Belgije...:)))","rel":"","context":"U &quot;Novosti&quot;","block_context":{"text":"Novosti","link":"http:\/\/www.downcentar.hr\/hr\/category\/novosti\/"},"img":{"alt_text":"","src":"https:\/\/i0.wp.com\/www.downcentar.hr\/wp-content\/uploads\/2016\/07\/20160701_091809.jpg?fit=800%2C450&resize=350%2C200","width":350,"height":200,"srcset":"https:\/\/i0.wp.com\/www.downcentar.hr\/wp-content\/uploads\/2016\/07\/20160701_091809.jpg?fit=800%2C450&resize=350%2C200 1x, https:\/\/i0.wp.com\/www.downcentar.hr\/wp-content\/uploads\/2016\/07\/20160701_091809.jpg?fit=800%2C450&resize=525%2C300 1.5x, https:\/\/i0.wp.com\/www.downcentar.hr\/wp-content\/uploads\/2016\/07\/20160701_091809.jpg?fit=800%2C450&resize=700%2C400 2x"},"classes":[]},{"id":5251,"url":"http:\/\/www.downcentar.hr\/hr\/2019\/09\/21\/erasmus-projekt-upgo\/","url_meta":{"origin":1210,"position":2},"title":"Erasmus + projekt Up&#038;Go","author":"admin","date":"21\/09\/2019","format":false,"excerpt":"Strategijska grupa priprema se za tre\u0107i sastanak partnera u Erasmus + projektu Up&Go koji \u0107e se odr\u017eati u DSC Pula 23. i 24. rujna.","rel":"","context":"U &quot;Novosti&quot;","block_context":{"text":"Novosti","link":"http:\/\/www.downcentar.hr\/hr\/category\/novosti\/"},"img":{"alt_text":"","src":"https:\/\/i0.wp.com\/www.downcentar.hr\/wp-content\/uploads\/2019\/09\/70486590_944617102558421_420346761337372672_n.jpg?fit=1200%2C900&resize=350%2C200","width":350,"height":200,"srcset":"https:\/\/i0.wp.com\/www.downcentar.hr\/wp-content\/uploads\/2019\/09\/70486590_944617102558421_420346761337372672_n.jpg?fit=1200%2C900&resize=350%2C200 1x, https:\/\/i0.wp.com\/www.downcentar.hr\/wp-content\/uploads\/2019\/09\/70486590_944617102558421_420346761337372672_n.jpg?fit=1200%2C900&resize=525%2C300 1.5x, https:\/\/i0.wp.com\/www.downcentar.hr\/wp-content\/uploads\/2019\/09\/70486590_944617102558421_420346761337372672_n.jpg?fit=1200%2C900&resize=700%2C400 2x, https:\/\/i0.wp.com\/www.downcentar.hr\/wp-content\/uploads\/2019\/09\/70486590_944617102558421_420346761337372672_n.jpg?fit=1200%2C900&resize=1050%2C600 3x"},"classes":[]},{"id":1245,"url":"http:\/\/www.downcentar.hr\/hr\/2016\/03\/09\/dv-more\/","url_meta":{"origin":1210,"position":3},"title":"DV MORE&#8230; :)","author":"admin","date":"09\/03\/2016","format":false,"excerpt":"DV MOORE - PRIJATELJI IZ DV MORE NA INTEGRACIJI ... :)","rel":"","context":"U &quot;Novosti&quot;","block_context":{"text":"Novosti","link":"http:\/\/www.downcentar.hr\/hr\/category\/novosti\/"},"img":{"alt_text":"","src":"https:\/\/i0.wp.com\/www.downcentar.hr\/wp-content\/uploads\/2016\/03\/IMG_2317.jpg?fit=788%2C591&resize=350%2C200","width":350,"height":200,"srcset":"https:\/\/i0.wp.com\/www.downcentar.hr\/wp-content\/uploads\/2016\/03\/IMG_2317.jpg?fit=788%2C591&resize=350%2C200 1x, https:\/\/i0.wp.com\/www.downcentar.hr\/wp-content\/uploads\/2016\/03\/IMG_2317.jpg?fit=788%2C591&resize=525%2C300 1.5x, https:\/\/i0.wp.com\/www.downcentar.hr\/wp-content\/uploads\/2016\/03\/IMG_2317.jpg?fit=788%2C591&resize=700%2C400 2x"},"classes":[]},{"id":1371,"url":"http:\/\/www.downcentar.hr\/hr\/2016\/03\/15\/dv-titi\/","url_meta":{"origin":1210,"position":4},"title":"DV TITI &#8230;:)","author":"admin","date":"15\/03\/2016","format":false,"excerpt":"DSC Pula -\u00a0DV TITI ...:)","rel":"","context":"U &quot;Novosti&quot;","block_context":{"text":"Novosti","link":"http:\/\/www.downcentar.hr\/hr\/category\/novosti\/"},"img":{"alt_text":"","src":"https:\/\/i0.wp.com\/www.downcentar.hr\/wp-content\/uploads\/2016\/03\/IMG_2516.jpg?fit=788%2C591&resize=350%2C200","width":350,"height":200,"srcset":"https:\/\/i0.wp.com\/www.downcentar.hr\/wp-content\/uploads\/2016\/03\/IMG_2516.jpg?fit=788%2C591&resize=350%2C200 1x, https:\/\/i0.wp.com\/www.downcentar.hr\/wp-content\/uploads\/2016\/03\/IMG_2516.jpg?fit=788%2C591&resize=525%2C300 1.5x, https:\/\/i0.wp.com\/www.downcentar.hr\/wp-content\/uploads\/2016\/03\/IMG_2516.jpg?fit=788%2C591&resize=700%2C400 2x"},"classes":[]},{"id":906,"url":"http:\/\/www.downcentar.hr\/hr\/2016\/02\/12\/dv-vjeverice-prvi-krece-u-integraciju\/","url_meta":{"origin":1210,"position":5},"title":"DV VJEVERICE PRVI KRE\u0106E U INTEGRACIJU&#8230;.:))) &#8211; (VIDEO)","author":"admin","date":"12\/02\/2016","format":false,"excerpt":"Fotogalerija...","rel":"","context":"U &quot;Novosti&quot;","block_context":{"text":"Novosti","link":"http:\/\/www.downcentar.hr\/hr\/category\/novosti\/"},"img":{"alt_text":"","src":"https:\/\/i0.wp.com\/www.downcentar.hr\/wp-content\/uploads\/2016\/02\/IMG_1095.jpg?fit=788%2C591&resize=350%2C200","width":350,"height":200,"srcset":"https:\/\/i0.wp.com\/www.downcentar.hr\/wp-content\/uploads\/2016\/02\/IMG_1095.jpg?fit=788%2C591&resize=350%2C200 1x, https:\/\/i0.wp.com\/www.downcentar.hr\/wp-content\/uploads\/2016\/02\/IMG_1095.jpg?fit=788%2C591&resize=525%2C300 1.5x, https:\/\/i0.wp.com\/www.downcentar.hr\/wp-content\/uploads\/2016\/02\/IMG_1095.jpg?fit=788%2C591&resize=700%2C400 2x"},"classes":[]}],"_links":{"self":[{"href":"http:\/\/www.downcentar.hr\/hr\/wp-json\/wp\/v2\/posts\/1210"}],"collection":[{"href":"http:\/\/www.downcentar.hr\/hr\/wp-json\/wp\/v2\/posts"}],"about":[{"href":"http:\/\/www.downcentar.hr\/hr\/wp-json\/wp\/v2\/types\/post"}],"author":[{"embeddable":true,"href":"http:\/\/www.downcentar.hr\/hr\/wp-json\/wp\/v2\/users\/1"}],"replies":[{"embeddable":true,"href":"http:\/\/www.downcentar.hr\/hr\/wp-json\/wp\/v2\/comments?post=1210"}],"version-history":[{"count":0,"href":"http:\/\/www.downcentar.hr\/hr\/wp-json\/wp\/v2\/posts\/1210\/revisions"}],"wp:featuredmedia":[{"embeddable":true,"href":"http:\/\/www.downcentar.hr\/hr\/wp-json\/wp\/v2\/media\/1215"}],"wp:attachment":[{"href":"http:\/\/www.downcentar.hr\/hr\/wp-json\/wp\/v2\/media?parent=1210"}],"wp:term":[{"taxonomy":"category","embeddable":true,"href":"http:\/\/www.downcentar.hr\/hr\/wp-json\/wp\/v2\/categories?post=1210"},{"taxonomy":"post_tag","embeddable":true,"href":"http:\/\/www.downcentar.hr\/hr\/wp-json\/wp\/v2\/tags?post=1210"}],"curies":[{"name":"wp","href":"https:\/\/api.w.org\/{rel}","templated":true}]}}