{"id":2583,"date":"2016-05-02T19:28:22","date_gmt":"2016-05-02T18:28:22","guid":{"rendered":"http:\/\/www.downcentar.hr\/?p=2583"},"modified":"2016-05-02T19:28:22","modified_gmt":"2016-05-02T18:28:22","slug":"andrijina-pjesma-video","status":"publish","type":"post","link":"http:\/\/www.downcentar.hr\/hr\/2016\/05\/02\/andrijina-pjesma-video\/","title":{"rendered":"Andrijina pjesma&#8230;.:)) (VIDEO)"},"content":{"rendered":"<p><iframe loading=\"lazy\" src=\"https:\/\/www.youtube.com\/embed\/4vJzWZRu8p0?rel=0&amp;showinfo=0\" width=\"600\" height=\"338\" frameborder=\"0\" allowfullscreen=\"allowfullscreen\"><\/iframe><\/p>\n<p>Andrijina pjesma&#8230;.:))<\/p>\n","protected":false},"excerpt":{"rendered":"<p>Andrijina pjesma&#8230;.:))<\/p>\n","protected":false},"author":1,"featured_media":2585,"comment_status":"open","ping_status":"open","sticky":false,"template":"","format":"standard","meta":{"pgc_sgb_lightbox_settings":"","jetpack_post_was_ever_published":false,"_jetpack_newsletter_access":"","_jetpack_newsletter_tier_id":0,"footnotes":"","jetpack_publicize_message":"","jetpack_is_tweetstorm":false,"jetpack_publicize_feature_enabled":true,"jetpack_social_post_already_shared":true,"jetpack_social_options":{"image_generator_settings":{"template":"highway","enabled":false}}},"categories":[2],"tags":[],"jetpack_publicize_connections":[],"aioseo_notices":[],"jetpack_featured_media_url":"https:\/\/i0.wp.com\/www.downcentar.hr\/wp-content\/uploads\/2016\/05\/andrija.jpg?fit=600%2C400","jetpack_sharing_enabled":true,"jetpack_shortlink":"https:\/\/wp.me\/p78Mt7-FF","jetpack-related-posts":[{"id":882,"url":"http:\/\/www.downcentar.hr\/hr\/2016\/02\/11\/dino-u-uliksu-video\/","url_meta":{"origin":2583,"position":0},"title":"DINO U ULIKSU (Video)","author":"admin","date":"11\/02\/2016","format":false,"excerpt":"Dino u ''Uliksu''...","rel":"","context":"U &quot;Novosti&quot;","block_context":{"text":"Novosti","link":"http:\/\/www.downcentar.hr\/hr\/category\/novosti\/"},"img":{"alt_text":"","src":"https:\/\/i0.wp.com\/www.downcentar.hr\/wp-content\/uploads\/2016\/02\/IMG_1078.jpg?fit=788%2C591&resize=350%2C200","width":350,"height":200,"srcset":"https:\/\/i0.wp.com\/www.downcentar.hr\/wp-content\/uploads\/2016\/02\/IMG_1078.jpg?fit=788%2C591&resize=350%2C200 1x, https:\/\/i0.wp.com\/www.downcentar.hr\/wp-content\/uploads\/2016\/02\/IMG_1078.jpg?fit=788%2C591&resize=525%2C300 1.5x, https:\/\/i0.wp.com\/www.downcentar.hr\/wp-content\/uploads\/2016\/02\/IMG_1078.jpg?fit=788%2C591&resize=700%2C400 2x"},"classes":[]},{"id":1020,"url":"http:\/\/www.downcentar.hr\/hr\/2016\/03\/02\/kupaci-dv-vjeverice-u-integraciji-video\/","url_meta":{"origin":2583,"position":1},"title":"KUPA\u010cI &#8211; DV VJEVERICE U INTEGRACIJI (Video)","author":"admin","date":"02\/03\/2016","format":false,"excerpt":"Kupa\u010di - DV Vjeverice u integraciji - svakako uz foto galeriju pogledajte i video ''Bu\u0107-bu\u0107''","rel":"","context":"U &quot;Novosti&quot;","block_context":{"text":"Novosti","link":"http:\/\/www.downcentar.hr\/hr\/category\/novosti\/"},"img":{"alt_text":"","src":"https:\/\/i0.wp.com\/www.downcentar.hr\/wp-content\/uploads\/2016\/03\/IMG_1660.jpg?fit=887%2C665&resize=350%2C200","width":350,"height":200,"srcset":"https:\/\/i0.wp.com\/www.downcentar.hr\/wp-content\/uploads\/2016\/03\/IMG_1660.jpg?fit=887%2C665&resize=350%2C200 1x, https:\/\/i0.wp.com\/www.downcentar.hr\/wp-content\/uploads\/2016\/03\/IMG_1660.jpg?fit=887%2C665&resize=525%2C300 1.5x, https:\/\/i0.wp.com\/www.downcentar.hr\/wp-content\/uploads\/2016\/03\/IMG_1660.jpg?fit=887%2C665&resize=700%2C400 2x"},"classes":[]},{"id":3098,"url":"http:\/\/www.downcentar.hr\/hr\/2016\/07\/06\/vesela-glazbena-radionica-s-prijateljima-belgijancima-video\/","url_meta":{"origin":2583,"position":2},"title":"Vesela glazbena radionica s prijateljima Belgijancima :) &#8211; (VIDEO)","author":"admin","date":"06\/07\/2016","format":false,"excerpt":"Vesela glazbena radionica s prijateljima Belgijancima :)","rel":"","context":"U &quot;Novosti&quot;","block_context":{"text":"Novosti","link":"http:\/\/www.downcentar.hr\/hr\/category\/novosti\/"},"img":{"alt_text":"","src":"https:\/\/i0.wp.com\/www.downcentar.hr\/wp-content\/uploads\/2016\/07\/IMG_7173.jpg?fit=800%2C600&resize=350%2C200","width":350,"height":200,"srcset":"https:\/\/i0.wp.com\/www.downcentar.hr\/wp-content\/uploads\/2016\/07\/IMG_7173.jpg?fit=800%2C600&resize=350%2C200 1x, https:\/\/i0.wp.com\/www.downcentar.hr\/wp-content\/uploads\/2016\/07\/IMG_7173.jpg?fit=800%2C600&resize=525%2C300 1.5x, https:\/\/i0.wp.com\/www.downcentar.hr\/wp-content\/uploads\/2016\/07\/IMG_7173.jpg?fit=800%2C600&resize=700%2C400 2x"},"classes":[]},{"id":753,"url":"http:\/\/www.downcentar.hr\/hr\/2016\/02\/06\/luka-u-uliksu\/","url_meta":{"origin":2583,"position":3},"title":"Luka u Uliksu..:))) (Video)","author":"admin","date":"06\/02\/2016","format":false,"excerpt":"Luka u Uliksu..:)))","rel":"","context":"U &quot;Novosti&quot;","block_context":{"text":"Novosti","link":"http:\/\/www.downcentar.hr\/hr\/category\/novosti\/"},"img":{"alt_text":"","src":"https:\/\/i0.wp.com\/www.downcentar.hr\/wp-content\/uploads\/2016\/02\/IMG_0470.jpg?fit=813%2C610&resize=350%2C200","width":350,"height":200,"srcset":"https:\/\/i0.wp.com\/www.downcentar.hr\/wp-content\/uploads\/2016\/02\/IMG_0470.jpg?fit=813%2C610&resize=350%2C200 1x, https:\/\/i0.wp.com\/www.downcentar.hr\/wp-content\/uploads\/2016\/02\/IMG_0470.jpg?fit=813%2C610&resize=525%2C300 1.5x, https:\/\/i0.wp.com\/www.downcentar.hr\/wp-content\/uploads\/2016\/02\/IMG_0470.jpg?fit=813%2C610&resize=700%2C400 2x"},"classes":[]},{"id":767,"url":"http:\/\/www.downcentar.hr\/hr\/2016\/02\/06\/karolina-u-uliksu\/","url_meta":{"origin":2583,"position":4},"title":"Karolina u Uliksu (Video)","author":"admin","date":"06\/02\/2016","format":false,"excerpt":"Karolina u Uliksu... \u00a0","rel":"","context":"U &quot;Novosti&quot;","block_context":{"text":"Novosti","link":"http:\/\/www.downcentar.hr\/hr\/category\/novosti\/"},"img":{"alt_text":"","src":"https:\/\/i0.wp.com\/www.downcentar.hr\/wp-content\/uploads\/2016\/02\/IMG_0355.jpg?fit=838%2C629&resize=350%2C200","width":350,"height":200,"srcset":"https:\/\/i0.wp.com\/www.downcentar.hr\/wp-content\/uploads\/2016\/02\/IMG_0355.jpg?fit=838%2C629&resize=350%2C200 1x, https:\/\/i0.wp.com\/www.downcentar.hr\/wp-content\/uploads\/2016\/02\/IMG_0355.jpg?fit=838%2C629&resize=525%2C300 1.5x, https:\/\/i0.wp.com\/www.downcentar.hr\/wp-content\/uploads\/2016\/02\/IMG_0355.jpg?fit=838%2C629&resize=700%2C400 2x"},"classes":[]},{"id":906,"url":"http:\/\/www.downcentar.hr\/hr\/2016\/02\/12\/dv-vjeverice-prvi-krece-u-integraciju\/","url_meta":{"origin":2583,"position":5},"title":"DV VJEVERICE PRVI KRE\u0106E U INTEGRACIJU&#8230;.:))) &#8211; (VIDEO)","author":"admin","date":"12\/02\/2016","format":false,"excerpt":"Fotogalerija...","rel":"","context":"U &quot;Novosti&quot;","block_context":{"text":"Novosti","link":"http:\/\/www.downcentar.hr\/hr\/category\/novosti\/"},"img":{"alt_text":"","src":"https:\/\/i0.wp.com\/www.downcentar.hr\/wp-content\/uploads\/2016\/02\/IMG_1095.jpg?fit=788%2C591&resize=350%2C200","width":350,"height":200,"srcset":"https:\/\/i0.wp.com\/www.downcentar.hr\/wp-content\/uploads\/2016\/02\/IMG_1095.jpg?fit=788%2C591&resize=350%2C200 1x, https:\/\/i0.wp.com\/www.downcentar.hr\/wp-content\/uploads\/2016\/02\/IMG_1095.jpg?fit=788%2C591&resize=525%2C300 1.5x, https:\/\/i0.wp.com\/www.downcentar.hr\/wp-content\/uploads\/2016\/02\/IMG_1095.jpg?fit=788%2C591&resize=700%2C400 2x"},"classes":[]}],"_links":{"self":[{"href":"http:\/\/www.downcentar.hr\/hr\/wp-json\/wp\/v2\/posts\/2583"}],"collection":[{"href":"http:\/\/www.downcentar.hr\/hr\/wp-json\/wp\/v2\/posts"}],"about":[{"href":"http:\/\/www.downcentar.hr\/hr\/wp-json\/wp\/v2\/types\/post"}],"author":[{"embeddable":true,"href":"http:\/\/www.downcentar.hr\/hr\/wp-json\/wp\/v2\/users\/1"}],"replies":[{"embeddable":true,"href":"http:\/\/www.downcentar.hr\/hr\/wp-json\/wp\/v2\/comments?post=2583"}],"version-history":[{"count":0,"href":"http:\/\/www.downcentar.hr\/hr\/wp-json\/wp\/v2\/posts\/2583\/revisions"}],"wp:featuredmedia":[{"embeddable":true,"href":"http:\/\/www.downcentar.hr\/hr\/wp-json\/wp\/v2\/media\/2585"}],"wp:attachment":[{"href":"http:\/\/www.downcentar.hr\/hr\/wp-json\/wp\/v2\/media?parent=2583"}],"wp:term":[{"taxonomy":"category","embeddable":true,"href":"http:\/\/www.downcentar.hr\/hr\/wp-json\/wp\/v2\/categories?post=2583"},{"taxonomy":"post_tag","embeddable":true,"href":"http:\/\/www.downcentar.hr\/hr\/wp-json\/wp\/v2\/tags?post=2583"}],"curies":[{"name":"wp","href":"https:\/\/api.w.org\/{rel}","templated":true}]}}