{"id":3888,"date":"2017-01-21T16:39:20","date_gmt":"2017-01-21T15:39:20","guid":{"rendered":"http:\/\/www.downcentar.hr\/?p=3888"},"modified":"2019-04-30T13:07:32","modified_gmt":"2019-04-30T12:07:32","slug":"detailed-agenda-of-the-event","status":"publish","type":"post","link":"http:\/\/www.downcentar.hr\/hr\/2017\/01\/21\/detailed-agenda-of-the-event\/","title":{"rendered":"Detailed agenda of the event!"},"content":{"rendered":"<p><img loading=\"lazy\" decoding=\"async\" data-attachment-id=\"3889\" data-permalink=\"http:\/\/www.downcentar.hr\/hr\/2017\/01\/21\/detailed-agenda-of-the-event\/program-2\/\" data-orig-file=\"https:\/\/i0.wp.com\/www.downcentar.hr\/wp-content\/uploads\/2017\/01\/program-1.jpg?fit=711%2C947\" data-orig-size=\"711,947\" data-comments-opened=\"1\" data-image-meta=\"{&quot;aperture&quot;:&quot;0&quot;,&quot;credit&quot;:&quot;&quot;,&quot;camera&quot;:&quot;&quot;,&quot;caption&quot;:&quot;&quot;,&quot;created_timestamp&quot;:&quot;0&quot;,&quot;copyright&quot;:&quot;&quot;,&quot;focal_length&quot;:&quot;0&quot;,&quot;iso&quot;:&quot;0&quot;,&quot;shutter_speed&quot;:&quot;0&quot;,&quot;title&quot;:&quot;&quot;,&quot;orientation&quot;:&quot;0&quot;}\" data-image-title=\"program\" data-image-description=\"\" data-image-caption=\"\" data-medium-file=\"https:\/\/i0.wp.com\/www.downcentar.hr\/wp-content\/uploads\/2017\/01\/program-1.jpg?fit=225%2C300\" data-large-file=\"https:\/\/i0.wp.com\/www.downcentar.hr\/wp-content\/uploads\/2017\/01\/program-1.jpg?fit=578%2C770\" class=\"wp-image-3889 aligncenter\" src=\"https:\/\/i0.wp.com\/www.downcentar.hr\/wp-content\/uploads\/2017\/01\/program-1.jpg?resize=578%2C770\" alt=\"program\" width=\"578\" height=\"770\" srcset=\"https:\/\/i0.wp.com\/www.downcentar.hr\/wp-content\/uploads\/2017\/01\/program-1.jpg?w=711 711w, https:\/\/i0.wp.com\/www.downcentar.hr\/wp-content\/uploads\/2017\/01\/program-1.jpg?resize=225%2C300 225w\" sizes=\"(max-width: 578px) 100vw, 578px\" data-recalc-dims=\"1\" \/><\/p>\n<p><strong>Professional speakers as well as Down syndrom Centar Pula partners from MFR du Pays de Seyssel,France and our students who will share first hand experiences from our Youth Integration&amp;amp;Inclusion Programme!<\/strong><\/p>\n<p>We deeply value strong initiatives directed in gaining experiences and knowledge on concrete level for all &#8211; professionals,youth and other interested volunteers!<\/p>\n<p>&nbsp;<\/p>\n<p style=\"text-align: center;\">Program mo\u017eete preuzeti klikom <a href=\"http:\/\/www.downcentar.hr\/wp-content\/uploads\/2017\/01\/program-veliki.png\"><strong>OVDJE<\/strong><\/a><\/p>\n<p>&nbsp;<\/p>\n","protected":false},"excerpt":{"rendered":"<p>Professional speakers as well as Down syndrom Centar Pula partners from MFR du Pays de Seyssel,France and our students who will share first hand experiences from our Youth Integration&amp;amp;Inclusion Programme! We deeply value strong initiatives directed in gaining experiences and knowledge on concrete level for all &#8211; professionals,youth and other interested volunteers! &nbsp; Program mo\u017eete preuzeti klikom OVDJE &nbsp;<\/p>\n","protected":false},"author":1,"featured_media":3889,"comment_status":"closed","ping_status":"closed","sticky":false,"template":"","format":"standard","meta":{"pgc_sgb_lightbox_settings":"","jetpack_post_was_ever_published":false,"_jetpack_newsletter_access":"","_jetpack_newsletter_tier_id":0,"footnotes":"","jetpack_publicize_message":"","jetpack_is_tweetstorm":false,"jetpack_publicize_feature_enabled":true,"jetpack_social_post_already_shared":true,"jetpack_social_options":{"image_generator_settings":{"template":"highway","enabled":false}}},"categories":[1],"tags":[],"jetpack_publicize_connections":[],"aioseo_notices":[],"jetpack_featured_media_url":"https:\/\/i0.wp.com\/www.downcentar.hr\/wp-content\/uploads\/2017\/01\/program-1.jpg?fit=711%2C947","jetpack_sharing_enabled":true,"jetpack_shortlink":"https:\/\/wp.me\/p78Mt7-10I","jetpack-related-posts":[{"id":3934,"url":"http:\/\/www.downcentar.hr\/hr\/2017\/03\/30\/dsc-pula-sudjelovala-na-world-youth-alliance-europe\/","url_meta":{"origin":3888,"position":0},"title":"DSC Pula sudjelovala na &#8221;WORLD YOUTH ALLIANCE EUROPE&#8221;","author":"admin","date":"30\/03\/2017","format":false,"excerpt":"Ponosni smo \u0161to nas je ''WORLD YOUTH ALLIANCE EUROPE'' pozvao na sudjelovanje u kampanji s ciljem podizanja svijesti o osobama s Down sindromom.... Oni ne mogu imati savr\u0161en par kromosoma, ali su savr\u0161eni u svojoj razli\u010ditosti! Downcentar.hr","rel":"","context":"U &quot;Novosti&quot;","block_context":{"text":"Novosti","link":"http:\/\/www.downcentar.hr\/hr\/category\/novosti\/"},"img":{"alt_text":"","src":"https:\/\/i0.wp.com\/www.downcentar.hr\/wp-content\/uploads\/2017\/03\/wor1.jpg?fit=1200%2C900&resize=350%2C200","width":350,"height":200,"srcset":"https:\/\/i0.wp.com\/www.downcentar.hr\/wp-content\/uploads\/2017\/03\/wor1.jpg?fit=1200%2C900&resize=350%2C200 1x, https:\/\/i0.wp.com\/www.downcentar.hr\/wp-content\/uploads\/2017\/03\/wor1.jpg?fit=1200%2C900&resize=525%2C300 1.5x, https:\/\/i0.wp.com\/www.downcentar.hr\/wp-content\/uploads\/2017\/03\/wor1.jpg?fit=1200%2C900&resize=700%2C400 2x, https:\/\/i0.wp.com\/www.downcentar.hr\/wp-content\/uploads\/2017\/03\/wor1.jpg?fit=1200%2C900&resize=1050%2C600 3x"},"classes":[]},{"id":4048,"url":"http:\/\/www.downcentar.hr\/hr\/2017\/03\/30\/european-parliament-hosts-conference-on-down-syndrome\/","url_meta":{"origin":3888,"position":1},"title":"European Parliament hosts conference on Down Syndrome","author":"admin","date":"30\/03\/2017","format":false,"excerpt":"January 24th EHMA attended a mini-conference in the European Parliament on learning disabilities. The conference brought together academic and service experts dealing with the topic of Down Syndrome (DS). Central to the conference were the practices developed by the Down Syndrome Centre in the city of Pula, Croatia. The Centre\u2026","rel":"","context":"U &quot;Novosti&quot;","block_context":{"text":"Novosti","link":"http:\/\/www.downcentar.hr\/hr\/category\/novosti\/"},"img":{"alt_text":"","src":"https:\/\/i0.wp.com\/www.downcentar.hr\/wp-content\/uploads\/2017\/03\/Panel.jpg?fit=1200%2C900&resize=350%2C200","width":350,"height":200,"srcset":"https:\/\/i0.wp.com\/www.downcentar.hr\/wp-content\/uploads\/2017\/03\/Panel.jpg?fit=1200%2C900&resize=350%2C200 1x, https:\/\/i0.wp.com\/www.downcentar.hr\/wp-content\/uploads\/2017\/03\/Panel.jpg?fit=1200%2C900&resize=525%2C300 1.5x, https:\/\/i0.wp.com\/www.downcentar.hr\/wp-content\/uploads\/2017\/03\/Panel.jpg?fit=1200%2C900&resize=700%2C400 2x, https:\/\/i0.wp.com\/www.downcentar.hr\/wp-content\/uploads\/2017\/03\/Panel.jpg?fit=1200%2C900&resize=1050%2C600 3x"},"classes":[]}],"_links":{"self":[{"href":"http:\/\/www.downcentar.hr\/hr\/wp-json\/wp\/v2\/posts\/3888"}],"collection":[{"href":"http:\/\/www.downcentar.hr\/hr\/wp-json\/wp\/v2\/posts"}],"about":[{"href":"http:\/\/www.downcentar.hr\/hr\/wp-json\/wp\/v2\/types\/post"}],"author":[{"embeddable":true,"href":"http:\/\/www.downcentar.hr\/hr\/wp-json\/wp\/v2\/users\/1"}],"replies":[{"embeddable":true,"href":"http:\/\/www.downcentar.hr\/hr\/wp-json\/wp\/v2\/comments?post=3888"}],"version-history":[{"count":4,"href":"http:\/\/www.downcentar.hr\/hr\/wp-json\/wp\/v2\/posts\/3888\/revisions"}],"predecessor-version":[{"id":3894,"href":"http:\/\/www.downcentar.hr\/hr\/wp-json\/wp\/v2\/posts\/3888\/revisions\/3894"}],"wp:featuredmedia":[{"embeddable":true,"href":"http:\/\/www.downcentar.hr\/hr\/wp-json\/wp\/v2\/media\/3889"}],"wp:attachment":[{"href":"http:\/\/www.downcentar.hr\/hr\/wp-json\/wp\/v2\/media?parent=3888"}],"wp:term":[{"taxonomy":"category","embeddable":true,"href":"http:\/\/www.downcentar.hr\/hr\/wp-json\/wp\/v2\/categories?post=3888"},{"taxonomy":"post_tag","embeddable":true,"href":"http:\/\/www.downcentar.hr\/hr\/wp-json\/wp\/v2\/tags?post=3888"}],"curies":[{"name":"wp","href":"https:\/\/api.w.org\/{rel}","templated":true}]}}