{"id":3934,"date":"2017-03-30T12:59:10","date_gmt":"2017-03-30T11:59:10","guid":{"rendered":"http:\/\/www.downcentar.hr\/?p=3934"},"modified":"2017-03-30T12:59:10","modified_gmt":"2017-03-30T11:59:10","slug":"dsc-pula-sudjelovala-na-world-youth-alliance-europe","status":"publish","type":"post","link":"http:\/\/www.downcentar.hr\/hr\/2017\/03\/30\/dsc-pula-sudjelovala-na-world-youth-alliance-europe\/","title":{"rendered":"DSC Pula sudjelovala na &#8221;WORLD YOUTH ALLIANCE EUROPE&#8221;"},"content":{"rendered":"<div id=\"amw_galleria_slideshow_1\" class=\"amw-galleria-slideshow\"><\/div>\n<script type=\"text\/javascript\">jQuery(document).ready(function(){ jQuery(\"#amw_galleria_slideshow_1\").galleria({\"dataSource\":[{\"image\":\"https:\\\/\\\/i0.wp.com\\\/www.downcentar.hr\\\/wp-content\\\/uploads\\\/2017\\\/03\\\/wor1.jpg?fit=578%2C434\",\"big\":\"https:\\\/\\\/i0.wp.com\\\/www.downcentar.hr\\\/wp-content\\\/uploads\\\/2017\\\/03\\\/wor1.jpg?fit=578%2C434\",\"thumb\":\"https:\\\/\\\/i0.wp.com\\\/www.downcentar.hr\\\/wp-content\\\/uploads\\\/2017\\\/03\\\/wor1.jpg?resize=150%2C150\",\"title\":\"wor1\",\"description\":\"\"},{\"image\":\"https:\\\/\\\/i0.wp.com\\\/www.downcentar.hr\\\/wp-content\\\/uploads\\\/2017\\\/03\\\/wor2.jpg?fit=578%2C434\",\"big\":\"https:\\\/\\\/i0.wp.com\\\/www.downcentar.hr\\\/wp-content\\\/uploads\\\/2017\\\/03\\\/wor2.jpg?fit=578%2C434\",\"thumb\":\"https:\\\/\\\/i0.wp.com\\\/www.downcentar.hr\\\/wp-content\\\/uploads\\\/2017\\\/03\\\/wor2.jpg?resize=150%2C150\",\"title\":\"wor2\",\"description\":\"\"}],\"width\":\"auto\",\"height\":0.7600000000000000088817841970012523233890533447265625,\"autoplay\":false,\"transition\":\"slide\",\"initialTransition\":\"fade\",\"transitionSpeed\":0,\"_delayTime\":4000,\"_hideControls\":false,\"_thumbnailMode\":\"grid\",\"_captionMode\":\"on_expand\"}); });<\/script>\n<p>Ponosni smo \u0161to nas je &#8221;WORLD YOUTH ALLIANCE EUROPE&#8221; pozvao na sudjelovanje u kampanji s ciljem podizanja svijesti o osobama s Down sindromom&#8230;.<\/p>\n<blockquote><p>Oni ne mogu imati savr\u0161en par kromosoma, ali su savr\u0161eni u svojoj razli\u010ditosti!<\/p><\/blockquote>\n<hr \/>\n<p>Downcentar.hr<\/p>\n","protected":false},"excerpt":{"rendered":"<p>Ponosni smo \u0161to nas je &#8221;WORLD YOUTH ALLIANCE EUROPE&#8221; pozvao na sudjelovanje u kampanji s ciljem podizanja svijesti o osobama s Down sindromom&#8230;. Oni ne mogu imati savr\u0161en par kromosoma, ali su savr\u0161eni u svojoj razli\u010ditosti! Downcentar.hr<\/p>\n","protected":false},"author":1,"featured_media":3935,"comment_status":"open","ping_status":"open","sticky":false,"template":"","format":"standard","meta":{"pgc_sgb_lightbox_settings":"","jetpack_post_was_ever_published":false,"_jetpack_newsletter_access":"","_jetpack_newsletter_tier_id":0,"footnotes":"","jetpack_publicize_message":"DSC Pula na ''WORLD YOUTH ALLIANCE EUROPE''","jetpack_is_tweetstorm":false,"jetpack_publicize_feature_enabled":true,"jetpack_social_post_already_shared":true,"jetpack_social_options":{"image_generator_settings":{"template":"highway","enabled":false}}},"categories":[2],"tags":[],"jetpack_publicize_connections":[],"aioseo_notices":[],"jetpack_featured_media_url":"https:\/\/i0.wp.com\/www.downcentar.hr\/wp-content\/uploads\/2017\/03\/wor1.jpg?fit=2048%2C1536","jetpack_sharing_enabled":true,"jetpack_shortlink":"https:\/\/wp.me\/p78Mt7-11s","jetpack-related-posts":[{"id":4135,"url":"http:\/\/www.downcentar.hr\/hr\/2017\/03\/30\/konferencija-o-rehabilitaciji-osoba-s-downovim-sindromom\/","url_meta":{"origin":3934,"position":0},"title":"Konferencija o rehabilitaciji osoba s Downovim sindromom","author":"admin","date":"30\/03\/2017","format":false,"excerpt":"Na poziv hrvatskih zastupnika u Europskom parlamentu Dubravke \u0160uice, Ivane Maleti\u0107 i Ivana Jakov\u010di\u0107a te u suradnji s Centrom za rehabilitaciju za osobe s Downovim sindromom (DS) i njihove obitelji u Puli, u Bruxellesu je danas odr\u017eana konferencija pod naslovom \u201eVi\u0161edisciplinarna rehabilitacija osoba s Downovim sindromom - uvjet za integraciju\u201c.\u2026","rel":"","context":"U &quot;Novosti&quot;","block_context":{"text":"Novosti","link":"http:\/\/www.downcentar.hr\/hr\/category\/novosti\/"},"img":{"alt_text":"","src":"https:\/\/i0.wp.com\/www.downcentar.hr\/wp-content\/uploads\/2017\/03\/image2.jpg?fit=620%2C413&resize=350%2C200","width":350,"height":200,"srcset":"https:\/\/i0.wp.com\/www.downcentar.hr\/wp-content\/uploads\/2017\/03\/image2.jpg?fit=620%2C413&resize=350%2C200 1x, https:\/\/i0.wp.com\/www.downcentar.hr\/wp-content\/uploads\/2017\/03\/image2.jpg?fit=620%2C413&resize=525%2C300 1.5x"},"classes":[]},{"id":4057,"url":"http:\/\/www.downcentar.hr\/hr\/2017\/03\/30\/u-europarlamentu-predstavljena-rehabilitacija-osoba-s-downovim-sindromom\/","url_meta":{"origin":3934,"position":1},"title":"U Europarlamentu predstavljena rehabilitacija osoba s Downovim sindromom","author":"admin","date":"30\/03\/2017","format":false,"excerpt":"Na poziv zastupnika Ivana Jakov\u010di\u0107a te zastupnica Dubravke \u0160uice i Ivane Maleti\u0107, Europski parlament su posjetili polaznici rehabilitacijskih programa Centra za Downov sindrom iz Pule. Nakon sudjelovanja na Konferenciji o multidisciplinarnoj rehabilitaciji osoba s Downovim sindromom, dvanaestoro polaznika pulskog Centra eurozastupnicima su u parlamentarnom kafi\u0107u poslu\u017eivali kavu i kola\u010de. Cijenjeni\u2026","rel":"","context":"U &quot;Novosti&quot;","block_context":{"text":"Novosti","link":"http:\/\/www.downcentar.hr\/hr\/category\/novosti\/"},"img":{"alt_text":"","src":"https:\/\/i0.wp.com\/www.downcentar.hr\/wp-content\/uploads\/2017\/03\/GO03354228.jpg?fit=643%2C320&resize=350%2C200","width":350,"height":200,"srcset":"https:\/\/i0.wp.com\/www.downcentar.hr\/wp-content\/uploads\/2017\/03\/GO03354228.jpg?fit=643%2C320&resize=350%2C200 1x, https:\/\/i0.wp.com\/www.downcentar.hr\/wp-content\/uploads\/2017\/03\/GO03354228.jpg?fit=643%2C320&resize=525%2C300 1.5x"},"classes":[]},{"id":5263,"url":"http:\/\/www.downcentar.hr\/hr\/2019\/10\/26\/konferencija-hranom-do-zdravlja-u-osijeku\/","url_meta":{"origin":3934,"position":2},"title":"Konferencija &#8220;Hranom do zdravlja&#8221; u Osijeku","author":"admin","date":"26\/10\/2019","format":false,"excerpt":"Down sindrom centar je na poziv\u00a0doc.dr.sc. Maje Ergovi\u0107 Ravan\u010di\u0107, stu\u010dnjakinje za prehrambenu tehnologiju sa Veleu\u010dilista u Po\u017eegi i mame djevoj\u010dice Lucije sa Down sindromom, sudjelovao kao gost na me\u0111unarodnom znanstveno- stru\u010dnom skupu u Osijeku pod nazivom Hranom do zdravlja. G\u0111a Ergovi\u0107 Ravan\u010di\u0107 je odr\u017eala izrazito zanimljivo predavanje pod nazivom \u201cUpotreba\u2026","rel":"","context":"U &quot;Novosti&quot;","block_context":{"text":"Novosti","link":"http:\/\/www.downcentar.hr\/hr\/category\/novosti\/"},"img":{"alt_text":"","src":"https:\/\/i0.wp.com\/www.downcentar.hr\/wp-content\/uploads\/2019\/10\/3.jpg?fit=640%2C480&resize=350%2C200","width":350,"height":200,"srcset":"https:\/\/i0.wp.com\/www.downcentar.hr\/wp-content\/uploads\/2019\/10\/3.jpg?fit=640%2C480&resize=350%2C200 1x, https:\/\/i0.wp.com\/www.downcentar.hr\/wp-content\/uploads\/2019\/10\/3.jpg?fit=640%2C480&resize=525%2C300 1.5x"},"classes":[]},{"id":3475,"url":"http:\/\/www.downcentar.hr\/hr\/2016\/08\/17\/volonterski-kamp-nasicana-u-puli\/","url_meta":{"origin":3934,"position":3},"title":"Volonterski kamp Na\u0161i\u010dana u Puli","author":"admin","date":"17\/08\/2016","format":false,"excerpt":"O kampu, Puli, centru za rehabilitaciju i drugim doga\u0111ajima profesor An\u0111elko Cvijetovi\u0107 je za TV Na\u0161ice napisao nekoliko re\u010denica. \u201eS koncertom Parnog valjka i Akija u Areni, u pono\u0107 je okon\u010dan na\u0161 II. integracijski volonterski kamp u Centru za rehabilitaciju Down sindrom centru Pula! Hvala DSC Pula za ovaj zavr\u0161ni\u2026","rel":"","context":"U &quot;Novosti&quot;","block_context":{"text":"Novosti","link":"http:\/\/www.downcentar.hr\/hr\/category\/novosti\/"},"img":{"alt_text":"","src":"https:\/\/i0.wp.com\/www.downcentar.hr\/wp-content\/uploads\/2016\/08\/pula-otvoreno-srce-nasice7.jpg?fit=680%2C400&resize=350%2C200","width":350,"height":200,"srcset":"https:\/\/i0.wp.com\/www.downcentar.hr\/wp-content\/uploads\/2016\/08\/pula-otvoreno-srce-nasice7.jpg?fit=680%2C400&resize=350%2C200 1x, https:\/\/i0.wp.com\/www.downcentar.hr\/wp-content\/uploads\/2016\/08\/pula-otvoreno-srce-nasice7.jpg?fit=680%2C400&resize=525%2C300 1.5x"},"classes":[]},{"id":4051,"url":"http:\/\/www.downcentar.hr\/hr\/2017\/03\/30\/djevojke-i-mladici-posluzivali-kavu-i-kolace-u-lokalu-u-parlamentu\/","url_meta":{"origin":3934,"position":4},"title":"Djevojke i mladi\u0107i poslu\u017eivali kavu i kola\u010de u lokalu u Parlamentu","author":"admin","date":"30\/03\/2017","format":false,"excerpt":"Evo kako to Centar za rehabilitaciju za Down sindrom u Puli radi s mladima; djevojke i mladi\u0107i su poslu\u017eivali kavu i kola\u010de u jednom lokalu u Parlamentu na op\u0107e odu\u0161evljenje. Bravo za ekipu!","rel":"","context":"U &quot;Novosti&quot;","block_context":{"text":"Novosti","link":"http:\/\/www.downcentar.hr\/hr\/category\/novosti\/"},"img":{"alt_text":"","src":"https:\/\/i0.wp.com\/www.downcentar.hr\/wp-content\/uploads\/2017\/03\/par-1.jpg?fit=960%2C720&resize=350%2C200","width":350,"height":200,"srcset":"https:\/\/i0.wp.com\/www.downcentar.hr\/wp-content\/uploads\/2017\/03\/par-1.jpg?fit=960%2C720&resize=350%2C200 1x, https:\/\/i0.wp.com\/www.downcentar.hr\/wp-content\/uploads\/2017\/03\/par-1.jpg?fit=960%2C720&resize=525%2C300 1.5x, https:\/\/i0.wp.com\/www.downcentar.hr\/wp-content\/uploads\/2017\/03\/par-1.jpg?fit=960%2C720&resize=700%2C400 2x"},"classes":[]},{"id":5351,"url":"http:\/\/www.downcentar.hr\/hr\/2019\/12\/15\/hvala-futsal-dinamo-na-gostoprimstvu-i-poklonima\/","url_meta":{"origin":3934,"position":5},"title":"Hvala Futsal Dinamo na gostoprimstvu i poklonima!","author":"admin","date":"15\/12\/2019","format":false,"excerpt":"Hvala Futsal Dinamo na gostoprimstvu i poklonima! Vi\u0161e od 40 osoba s Down sindromom prisustvovalo je na humanitarnoj utakmici u Ciboni.","rel":"","context":"U &quot;Novosti&quot;","block_context":{"text":"Novosti","link":"http:\/\/www.downcentar.hr\/hr\/category\/novosti\/"},"img":{"alt_text":"","src":"https:\/\/i0.wp.com\/www.downcentar.hr\/wp-content\/uploads\/2019\/12\/IMG_20191207_192850.jpg?fit=887%2C665&resize=350%2C200","width":350,"height":200,"srcset":"https:\/\/i0.wp.com\/www.downcentar.hr\/wp-content\/uploads\/2019\/12\/IMG_20191207_192850.jpg?fit=887%2C665&resize=350%2C200 1x, https:\/\/i0.wp.com\/www.downcentar.hr\/wp-content\/uploads\/2019\/12\/IMG_20191207_192850.jpg?fit=887%2C665&resize=525%2C300 1.5x, https:\/\/i0.wp.com\/www.downcentar.hr\/wp-content\/uploads\/2019\/12\/IMG_20191207_192850.jpg?fit=887%2C665&resize=700%2C400 2x"},"classes":[]}],"_links":{"self":[{"href":"http:\/\/www.downcentar.hr\/hr\/wp-json\/wp\/v2\/posts\/3934"}],"collection":[{"href":"http:\/\/www.downcentar.hr\/hr\/wp-json\/wp\/v2\/posts"}],"about":[{"href":"http:\/\/www.downcentar.hr\/hr\/wp-json\/wp\/v2\/types\/post"}],"author":[{"embeddable":true,"href":"http:\/\/www.downcentar.hr\/hr\/wp-json\/wp\/v2\/users\/1"}],"replies":[{"embeddable":true,"href":"http:\/\/www.downcentar.hr\/hr\/wp-json\/wp\/v2\/comments?post=3934"}],"version-history":[{"count":1,"href":"http:\/\/www.downcentar.hr\/hr\/wp-json\/wp\/v2\/posts\/3934\/revisions"}],"predecessor-version":[{"id":3937,"href":"http:\/\/www.downcentar.hr\/hr\/wp-json\/wp\/v2\/posts\/3934\/revisions\/3937"}],"wp:featuredmedia":[{"embeddable":true,"href":"http:\/\/www.downcentar.hr\/hr\/wp-json\/wp\/v2\/media\/3935"}],"wp:attachment":[{"href":"http:\/\/www.downcentar.hr\/hr\/wp-json\/wp\/v2\/media?parent=3934"}],"wp:term":[{"taxonomy":"category","embeddable":true,"href":"http:\/\/www.downcentar.hr\/hr\/wp-json\/wp\/v2\/categories?post=3934"},{"taxonomy":"post_tag","embeddable":true,"href":"http:\/\/www.downcentar.hr\/hr\/wp-json\/wp\/v2\/tags?post=3934"}],"curies":[{"name":"wp","href":"https:\/\/api.w.org\/{rel}","templated":true}]}}