{"id":3938,"date":"2017-03-30T13:53:47","date_gmt":"2017-03-30T12:53:47","guid":{"rendered":"http:\/\/www.downcentar.hr\/?p=3938"},"modified":"2017-03-30T13:53:47","modified_gmt":"2017-03-30T12:53:47","slug":"proslava-svjetskog-dana-down-sindroma-21-03-2017-god","status":"publish","type":"post","link":"http:\/\/www.downcentar.hr\/hr\/2017\/03\/30\/proslava-svjetskog-dana-down-sindroma-21-03-2017-god\/","title":{"rendered":"Proslava svjetskog dana Down sindroma  21.03.2017. god."},"content":{"rendered":"<div id=\"amw_galleria_slideshow_1\" class=\"amw-galleria-slideshow\"><\/div>\n<script type=\"text\/javascript\">jQuery(document).ready(function(){ jQuery(\"#amw_galleria_slideshow_1\").galleria({\"dataSource\":[{\"image\":\"https:\\\/\\\/i0.wp.com\\\/www.downcentar.hr\\\/wp-content\\\/uploads\\\/2017\\\/03\\\/17389219_1204674756298040_5496452819107498521_o.jpg?fit=578%2C434\",\"big\":\"https:\\\/\\\/i0.wp.com\\\/www.downcentar.hr\\\/wp-content\\\/uploads\\\/2017\\\/03\\\/17389219_1204674756298040_5496452819107498521_o.jpg?fit=578%2C434\",\"thumb\":\"https:\\\/\\\/i0.wp.com\\\/www.downcentar.hr\\\/wp-content\\\/uploads\\\/2017\\\/03\\\/17389219_1204674756298040_5496452819107498521_o.jpg?resize=150%2C150\",\"title\":\"17389219_1204674756298040_5496452819107498521_o\",\"description\":\"\"},{\"image\":\"https:\\\/\\\/i0.wp.com\\\/www.downcentar.hr\\\/wp-content\\\/uploads\\\/2017\\\/03\\\/17390472_1204659126299603_6015344353109812646_o.jpg?fit=578%2C434\",\"big\":\"https:\\\/\\\/i0.wp.com\\\/www.downcentar.hr\\\/wp-content\\\/uploads\\\/2017\\\/03\\\/17390472_1204659126299603_6015344353109812646_o.jpg?fit=578%2C434\",\"thumb\":\"https:\\\/\\\/i0.wp.com\\\/www.downcentar.hr\\\/wp-content\\\/uploads\\\/2017\\\/03\\\/17390472_1204659126299603_6015344353109812646_o.jpg?resize=150%2C150\",\"title\":\"17390472_1204659126299603_6015344353109812646_o\",\"description\":\"\"},{\"image\":\"https:\\\/\\\/i0.wp.com\\\/www.downcentar.hr\\\/wp-content\\\/uploads\\\/2017\\\/03\\\/17390557_1204673346298181_3008172208486325686_o.jpg?fit=578%2C434\",\"big\":\"https:\\\/\\\/i0.wp.com\\\/www.downcentar.hr\\\/wp-content\\\/uploads\\\/2017\\\/03\\\/17390557_1204673346298181_3008172208486325686_o.jpg?fit=578%2C434\",\"thumb\":\"https:\\\/\\\/i0.wp.com\\\/www.downcentar.hr\\\/wp-content\\\/uploads\\\/2017\\\/03\\\/17390557_1204673346298181_3008172208486325686_o.jpg?resize=150%2C150\",\"title\":\"17390557_1204673346298181_3008172208486325686_o\",\"description\":\"\"},{\"image\":\"https:\\\/\\\/i0.wp.com\\\/www.downcentar.hr\\\/wp-content\\\/uploads\\\/2017\\\/03\\\/17434769_1204671486298367_3911361514977424811_o.jpg?fit=578%2C434\",\"big\":\"https:\\\/\\\/i0.wp.com\\\/www.downcentar.hr\\\/wp-content\\\/uploads\\\/2017\\\/03\\\/17434769_1204671486298367_3911361514977424811_o.jpg?fit=578%2C434\",\"thumb\":\"https:\\\/\\\/i0.wp.com\\\/www.downcentar.hr\\\/wp-content\\\/uploads\\\/2017\\\/03\\\/17434769_1204671486298367_3911361514977424811_o.jpg?resize=150%2C150\",\"title\":\"17434769_1204671486298367_3911361514977424811_o\",\"description\":\"\"},{\"image\":\"https:\\\/\\\/i0.wp.com\\\/www.downcentar.hr\\\/wp-content\\\/uploads\\\/2017\\\/03\\\/17435938_1204675602964622_2831940634942242489_o.jpg?fit=578%2C434\",\"big\":\"https:\\\/\\\/i0.wp.com\\\/www.downcentar.hr\\\/wp-content\\\/uploads\\\/2017\\\/03\\\/17435938_1204675602964622_2831940634942242489_o.jpg?fit=578%2C434\",\"thumb\":\"https:\\\/\\\/i0.wp.com\\\/www.downcentar.hr\\\/wp-content\\\/uploads\\\/2017\\\/03\\\/17435938_1204675602964622_2831940634942242489_o.jpg?resize=150%2C150\",\"title\":\"17435938_1204675602964622_2831940634942242489_o\",\"description\":\"\"},{\"image\":\"https:\\\/\\\/i0.wp.com\\\/www.downcentar.hr\\\/wp-content\\\/uploads\\\/2017\\\/03\\\/17309959_1204675769631272_4258504500042959341_o.jpg?fit=578%2C434\",\"big\":\"https:\\\/\\\/i0.wp.com\\\/www.downcentar.hr\\\/wp-content\\\/uploads\\\/2017\\\/03\\\/17309959_1204675769631272_4258504500042959341_o.jpg?fit=578%2C434\",\"thumb\":\"https:\\\/\\\/i0.wp.com\\\/www.downcentar.hr\\\/wp-content\\\/uploads\\\/2017\\\/03\\\/17309959_1204675769631272_4258504500042959341_o.jpg?resize=150%2C150\",\"title\":\"17309959_1204675769631272_4258504500042959341_o\",\"description\":\"\"},{\"image\":\"https:\\\/\\\/i0.wp.com\\\/www.downcentar.hr\\\/wp-content\\\/uploads\\\/2017\\\/03\\\/17310084_1204675119631337_1490861324942877687_o.jpg?fit=578%2C434\",\"big\":\"https:\\\/\\\/i0.wp.com\\\/www.downcentar.hr\\\/wp-content\\\/uploads\\\/2017\\\/03\\\/17310084_1204675119631337_1490861324942877687_o.jpg?fit=578%2C434\",\"thumb\":\"https:\\\/\\\/i0.wp.com\\\/www.downcentar.hr\\\/wp-content\\\/uploads\\\/2017\\\/03\\\/17310084_1204675119631337_1490861324942877687_o.jpg?resize=150%2C150\",\"title\":\"17310084_1204675119631337_1490861324942877687_o\",\"description\":\"\"},{\"image\":\"https:\\\/\\\/i0.wp.com\\\/www.downcentar.hr\\\/wp-content\\\/uploads\\\/2017\\\/03\\\/17310984_1204658579632991_3263647642884702435_o.jpg?fit=578%2C434\",\"big\":\"https:\\\/\\\/i0.wp.com\\\/www.downcentar.hr\\\/wp-content\\\/uploads\\\/2017\\\/03\\\/17310984_1204658579632991_3263647642884702435_o.jpg?fit=578%2C434\",\"thumb\":\"https:\\\/\\\/i0.wp.com\\\/www.downcentar.hr\\\/wp-content\\\/uploads\\\/2017\\\/03\\\/17310984_1204658579632991_3263647642884702435_o.jpg?resize=150%2C150\",\"title\":\"17310984_1204658579632991_3263647642884702435_o\",\"description\":\"\"}],\"width\":\"auto\",\"height\":0.7600000000000000088817841970012523233890533447265625,\"autoplay\":false,\"transition\":\"slide\",\"initialTransition\":\"fade\",\"transitionSpeed\":0,\"_delayTime\":4000,\"_hideControls\":false,\"_thumbnailMode\":\"grid\",\"_captionMode\":\"on_expand\"}); });<\/script>\n<p>Zahvaljujemo Strukovnoj \u0161koli Eugen Kumi\u010di\u0107 iz Rovinja na organizaciji proslave svjetskog dana Down sindroma i 10. godina provedbe PAPO programa. Dokazali smo kako integracija zaista postoji! \ud83d\ude42<\/p>\n<hr \/>\n<p>Downcentar.hr<\/p>\n","protected":false},"excerpt":{"rendered":"<p>Zahvaljujemo Strukovnoj \u0161koli Eugen Kumi\u010di\u0107 iz Rovinja na organizaciji proslave svjetskog dana Down sindroma i 10. godina provedbe PAPO programa. Dokazali smo kako integracija zaista postoji! \ud83d\ude42 Downcentar.hr<\/p>\n","protected":false},"author":1,"featured_media":3942,"comment_status":"open","ping_status":"open","sticky":false,"template":"","format":"standard","meta":{"pgc_sgb_lightbox_settings":"","jetpack_post_was_ever_published":false,"_jetpack_newsletter_access":"","_jetpack_newsletter_tier_id":0,"footnotes":"","jetpack_publicize_message":"Proslava svjetskog dana Down sindroma  21.03.2017. god.","jetpack_is_tweetstorm":false,"jetpack_publicize_feature_enabled":true,"jetpack_social_post_already_shared":true,"jetpack_social_options":{"image_generator_settings":{"template":"highway","enabled":false}}},"categories":[2],"tags":[],"jetpack_publicize_connections":[],"aioseo_notices":[],"jetpack_featured_media_url":"https:\/\/i0.wp.com\/www.downcentar.hr\/wp-content\/uploads\/2017\/03\/17434769_1204671486298367_3911361514977424811_o.jpg?fit=800%2C600","jetpack_sharing_enabled":true,"jetpack_shortlink":"https:\/\/wp.me\/p78Mt7-11w","jetpack-related-posts":[{"id":3988,"url":"http:\/\/www.downcentar.hr\/hr\/2017\/03\/30\/u-europskom-parlamentu-ugosceni-sticenici-down-syndrome-centar-pula\/","url_meta":{"origin":3938,"position":0},"title":"U Europskom parlamentu ugo\u0161\u0107eni \u0161ti\u0107enici Down Syndrome Centar Pula","author":"admin","date":"30\/03\/2017","format":false,"excerpt":"U sije\u010dnju smo u Europskom parlamentu ugostili \u0161ti\u0107enike Down Syndrome Centar Pula koji su nam pokazali kako se uporno\u0161\u0107u i vrijednim radom mo\u017ee posti\u0107i puno i zahvaljuju\u0107i njima Hrvatska je uzor svima u EU. \u017delimo podi\u0107i svijest o va\u017enosti integracije osoba s Downovim sindromom i zato je na\u0161 cijeli ured\u2026","rel":"","context":"U &quot;Novosti&quot;","block_context":{"text":"Novosti","link":"http:\/\/www.downcentar.hr\/hr\/category\/novosti\/"},"img":{"alt_text":"","src":"https:\/\/i0.wp.com\/www.downcentar.hr\/wp-content\/uploads\/2017\/03\/eu-p-1.jpg?fit=1200%2C675&resize=350%2C200","width":350,"height":200,"srcset":"https:\/\/i0.wp.com\/www.downcentar.hr\/wp-content\/uploads\/2017\/03\/eu-p-1.jpg?fit=1200%2C675&resize=350%2C200 1x, https:\/\/i0.wp.com\/www.downcentar.hr\/wp-content\/uploads\/2017\/03\/eu-p-1.jpg?fit=1200%2C675&resize=525%2C300 1.5x, https:\/\/i0.wp.com\/www.downcentar.hr\/wp-content\/uploads\/2017\/03\/eu-p-1.jpg?fit=1200%2C675&resize=700%2C400 2x, https:\/\/i0.wp.com\/www.downcentar.hr\/wp-content\/uploads\/2017\/03\/eu-p-1.jpg?fit=1200%2C675&resize=1050%2C600 3x"},"classes":[]},{"id":1486,"url":"http:\/\/www.downcentar.hr\/hr\/2016\/03\/21\/svecana-proslava-svjetskog-dana-osoba-s-down-sindromom-i-deseta-obljetnica-rada-centra\/","url_meta":{"origin":3938,"position":1},"title":"Sve\u010dana proslava Svjetskog dana osoba s Down sindromom i deseta obljetnica rada Centra (VIDEO)","author":"admin","date":"21\/03\/2016","format":false,"excerpt":"Sve\u010dana proslava Svjetskog dana osoba s Down sindromom i deseta obljetnica rada Centra za Down syndrome u Puli. Posebno se zahvaljujemo zamjeniku ministrice socijalne politike i mladih Bernardice Jureti\u0107, gospodinu Anti Babi\u0107u \u0161to je svojim dolaskom i neposredno\u0161\u0107u uvali\u010dao na\u0161u proslavu!!!","rel":"","context":"U &quot;Novosti&quot;","block_context":{"text":"Novosti","link":"http:\/\/www.downcentar.hr\/hr\/category\/novosti\/"},"img":{"alt_text":"","src":"https:\/\/i0.wp.com\/www.downcentar.hr\/wp-content\/uploads\/2016\/03\/IMG_2911-1.jpg?fit=788%2C591&resize=350%2C200","width":350,"height":200,"srcset":"https:\/\/i0.wp.com\/www.downcentar.hr\/wp-content\/uploads\/2016\/03\/IMG_2911-1.jpg?fit=788%2C591&resize=350%2C200 1x, https:\/\/i0.wp.com\/www.downcentar.hr\/wp-content\/uploads\/2016\/03\/IMG_2911-1.jpg?fit=788%2C591&resize=525%2C300 1.5x, https:\/\/i0.wp.com\/www.downcentar.hr\/wp-content\/uploads\/2016\/03\/IMG_2911-1.jpg?fit=788%2C591&resize=700%2C400 2x"},"classes":[]},{"id":5520,"url":"http:\/\/www.downcentar.hr\/hr\/2026\/03\/26\/obiljezavanje-svjetskog-dana-osoba-sa-sindromom-down\/","url_meta":{"origin":3938,"position":2},"title":"Obilje\u017eavanje Svjetskog dana osoba sa sindromom Down","author":"admin","date":"26\/03\/2026","format":false,"excerpt":"Obilje\u017eavanje Svjetskog dana osoba sa sindromom Down \u00a0 U subotu, 21. o\u017eujka 2026. u prostorijama Centra za rehabilitaciju Down syndrom centra Pula obilje\u017een je Svjetski dan osoba sa sindromom Down. Proslava je zapo\u010dela potpisivanjem ugovora o poslovnoj, stru\u010dnoj i nastavnoj suradnji s predstavnikom Fakulteta zdravstvenih studija Sveu\u010dili\u0161ta u Rijeci, prof.\u2026","rel":"","context":"U &quot;Novosti&quot;","block_context":{"text":"Novosti","link":"http:\/\/www.downcentar.hr\/hr\/category\/novosti\/"},"img":{"alt_text":"","src":"https:\/\/i0.wp.com\/www.downcentar.hr\/wp-content\/uploads\/2026\/03\/naslovna-fotografija-scaled.jpg?fit=1200%2C900&resize=350%2C200","width":350,"height":200,"srcset":"https:\/\/i0.wp.com\/www.downcentar.hr\/wp-content\/uploads\/2026\/03\/naslovna-fotografija-scaled.jpg?fit=1200%2C900&resize=350%2C200 1x, https:\/\/i0.wp.com\/www.downcentar.hr\/wp-content\/uploads\/2026\/03\/naslovna-fotografija-scaled.jpg?fit=1200%2C900&resize=525%2C300 1.5x, https:\/\/i0.wp.com\/www.downcentar.hr\/wp-content\/uploads\/2026\/03\/naslovna-fotografija-scaled.jpg?fit=1200%2C900&resize=700%2C400 2x, https:\/\/i0.wp.com\/www.downcentar.hr\/wp-content\/uploads\/2026\/03\/naslovna-fotografija-scaled.jpg?fit=1200%2C900&resize=1050%2C600 3x"},"classes":[]},{"id":5493,"url":"http:\/\/www.downcentar.hr\/hr\/2025\/05\/06\/dodijela-priznanja-down-centru-pula\/","url_meta":{"origin":3938,"position":3},"title":"Dodijela priznanja Down centru Pula","author":"admin","date":"06\/05\/2025","format":false,"excerpt":"Povodom obilje\u017eavanja Dana Grada Pule, Gradona\u010delnik je dodijelio Povodom obilje\u017eavanja Dana Grada Pule, Gradona\u010delnik je dodijelio priznanje Down centru Pula za nesebi\u010dno zalaganje u pru\u017eanju usluga osobama sa Down sindromom u 20 godina postojanja I rada Down centra.\u00a0 za nesebi\u010dno zalaganje u pru\u017eanju usluga osobama sa Down sindromom u 20\u2026","rel":"","context":"U &quot;Novosti&quot;","block_context":{"text":"Novosti","link":"http:\/\/www.downcentar.hr\/hr\/category\/novosti\/"},"img":{"alt_text":"","src":"https:\/\/i0.wp.com\/www.downcentar.hr\/wp-content\/uploads\/2025\/05\/IMG-20250505-WA0002.jpg?fit=900%2C1200&resize=350%2C200","width":350,"height":200,"srcset":"https:\/\/i0.wp.com\/www.downcentar.hr\/wp-content\/uploads\/2025\/05\/IMG-20250505-WA0002.jpg?fit=900%2C1200&resize=350%2C200 1x, https:\/\/i0.wp.com\/www.downcentar.hr\/wp-content\/uploads\/2025\/05\/IMG-20250505-WA0002.jpg?fit=900%2C1200&resize=525%2C300 1.5x, https:\/\/i0.wp.com\/www.downcentar.hr\/wp-content\/uploads\/2025\/05\/IMG-20250505-WA0002.jpg?fit=900%2C1200&resize=700%2C400 2x"},"classes":[]},{"id":5462,"url":"http:\/\/www.downcentar.hr\/hr\/2025\/03\/26\/simpozij-povodom-20-obljetnice-postojanja-dsc-pula\/","url_meta":{"origin":3938,"position":4},"title":"SIMPOZIJ POVODOM 20. OBLJETNICE POSTOJANJA DSC PULA","author":"admin","date":"26\/03\/2025","format":false,"excerpt":"21. i 22. o\u017eujka organizirali smo Simpozij povodom 20. obljetnice postojanja Centra za rehabilitaciju Down syndrom centra Pula. Na istom mjestu okupili smo vrhunske i eminentne predava\u010de koji su tijekom dva dana nesebi\u010dno podijelili svoja znanja i iskustva sa stru\u010dnjacima raznih podru\u010dja i s roditeljima djece s Down sindromom. Simpozij\u2026","rel":"","context":"U &quot;Novosti&quot;","block_context":{"text":"Novosti","link":"http:\/\/www.downcentar.hr\/hr\/category\/novosti\/"},"img":{"alt_text":"","src":"https:\/\/i0.wp.com\/www.downcentar.hr\/wp-content\/uploads\/2025\/03\/DSC00009.jpg?fit=1024%2C683&resize=350%2C200","width":350,"height":200,"srcset":"https:\/\/i0.wp.com\/www.downcentar.hr\/wp-content\/uploads\/2025\/03\/DSC00009.jpg?fit=1024%2C683&resize=350%2C200 1x, https:\/\/i0.wp.com\/www.downcentar.hr\/wp-content\/uploads\/2025\/03\/DSC00009.jpg?fit=1024%2C683&resize=525%2C300 1.5x, https:\/\/i0.wp.com\/www.downcentar.hr\/wp-content\/uploads\/2025\/03\/DSC00009.jpg?fit=1024%2C683&resize=700%2C400 2x"},"classes":[]},{"id":3475,"url":"http:\/\/www.downcentar.hr\/hr\/2016\/08\/17\/volonterski-kamp-nasicana-u-puli\/","url_meta":{"origin":3938,"position":5},"title":"Volonterski kamp Na\u0161i\u010dana u Puli","author":"admin","date":"17\/08\/2016","format":false,"excerpt":"O kampu, Puli, centru za rehabilitaciju i drugim doga\u0111ajima profesor An\u0111elko Cvijetovi\u0107 je za TV Na\u0161ice napisao nekoliko re\u010denica. \u201eS koncertom Parnog valjka i Akija u Areni, u pono\u0107 je okon\u010dan na\u0161 II. integracijski volonterski kamp u Centru za rehabilitaciju Down sindrom centru Pula! Hvala DSC Pula za ovaj zavr\u0161ni\u2026","rel":"","context":"U &quot;Novosti&quot;","block_context":{"text":"Novosti","link":"http:\/\/www.downcentar.hr\/hr\/category\/novosti\/"},"img":{"alt_text":"","src":"https:\/\/i0.wp.com\/www.downcentar.hr\/wp-content\/uploads\/2016\/08\/pula-otvoreno-srce-nasice7.jpg?fit=680%2C400&resize=350%2C200","width":350,"height":200,"srcset":"https:\/\/i0.wp.com\/www.downcentar.hr\/wp-content\/uploads\/2016\/08\/pula-otvoreno-srce-nasice7.jpg?fit=680%2C400&resize=350%2C200 1x, https:\/\/i0.wp.com\/www.downcentar.hr\/wp-content\/uploads\/2016\/08\/pula-otvoreno-srce-nasice7.jpg?fit=680%2C400&resize=525%2C300 1.5x"},"classes":[]}],"_links":{"self":[{"href":"http:\/\/www.downcentar.hr\/hr\/wp-json\/wp\/v2\/posts\/3938"}],"collection":[{"href":"http:\/\/www.downcentar.hr\/hr\/wp-json\/wp\/v2\/posts"}],"about":[{"href":"http:\/\/www.downcentar.hr\/hr\/wp-json\/wp\/v2\/types\/post"}],"author":[{"embeddable":true,"href":"http:\/\/www.downcentar.hr\/hr\/wp-json\/wp\/v2\/users\/1"}],"replies":[{"embeddable":true,"href":"http:\/\/www.downcentar.hr\/hr\/wp-json\/wp\/v2\/comments?post=3938"}],"version-history":[{"count":1,"href":"http:\/\/www.downcentar.hr\/hr\/wp-json\/wp\/v2\/posts\/3938\/revisions"}],"predecessor-version":[{"id":3947,"href":"http:\/\/www.downcentar.hr\/hr\/wp-json\/wp\/v2\/posts\/3938\/revisions\/3947"}],"wp:featuredmedia":[{"embeddable":true,"href":"http:\/\/www.downcentar.hr\/hr\/wp-json\/wp\/v2\/media\/3942"}],"wp:attachment":[{"href":"http:\/\/www.downcentar.hr\/hr\/wp-json\/wp\/v2\/media?parent=3938"}],"wp:term":[{"taxonomy":"category","embeddable":true,"href":"http:\/\/www.downcentar.hr\/hr\/wp-json\/wp\/v2\/categories?post=3938"},{"taxonomy":"post_tag","embeddable":true,"href":"http:\/\/www.downcentar.hr\/hr\/wp-json\/wp\/v2\/tags?post=3938"}],"curies":[{"name":"wp","href":"https:\/\/api.w.org\/{rel}","templated":true}]}}