{"id":4115,"date":"2017-03-30T18:41:05","date_gmt":"2017-03-30T17:41:05","guid":{"rendered":"http:\/\/www.downcentar.hr\/?p=4115"},"modified":"2017-03-30T18:41:05","modified_gmt":"2017-03-30T17:41:05","slug":"hrvatska-zna-kako-konferencija-u-europskom-parlamentu","status":"publish","type":"post","link":"http:\/\/www.downcentar.hr\/hr\/2017\/03\/30\/hrvatska-zna-kako-konferencija-u-europskom-parlamentu\/","title":{"rendered":"Hrvatska zna kako &#8211; Konferencija u Europskom parlamentu &#8230; :)"},"content":{"rendered":"<div id=\"amw_galleria_slideshow_1\" class=\"amw-galleria-slideshow\"><\/div>\n<script type=\"text\/javascript\">jQuery(document).ready(function(){ jQuery(\"#amw_galleria_slideshow_1\").galleria({\"dataSource\":[{\"image\":\"https:\\\/\\\/i0.wp.com\\\/www.downcentar.hr\\\/wp-content\\\/uploads\\\/2017\\\/03\\\/16195231_1151034751662041_5167164222190343084_n.jpg?fit=200%2C200\",\"big\":\"https:\\\/\\\/i0.wp.com\\\/www.downcentar.hr\\\/wp-content\\\/uploads\\\/2017\\\/03\\\/16195231_1151034751662041_5167164222190343084_n.jpg?fit=200%2C200\",\"thumb\":\"https:\\\/\\\/i0.wp.com\\\/www.downcentar.hr\\\/wp-content\\\/uploads\\\/2017\\\/03\\\/16195231_1151034751662041_5167164222190343084_n.jpg?resize=150%2C150\",\"title\":\"16195231_1151034751662041_5167164222190343084_n\",\"description\":\"\"},{\"image\":\"https:\\\/\\\/i0.wp.com\\\/www.downcentar.hr\\\/wp-content\\\/uploads\\\/2017\\\/03\\\/16195322_1151025778329605_4095165998467416965_n.jpg?fit=200%2C200\",\"big\":\"https:\\\/\\\/i0.wp.com\\\/www.downcentar.hr\\\/wp-content\\\/uploads\\\/2017\\\/03\\\/16195322_1151025778329605_4095165998467416965_n.jpg?fit=200%2C200\",\"thumb\":\"https:\\\/\\\/i0.wp.com\\\/www.downcentar.hr\\\/wp-content\\\/uploads\\\/2017\\\/03\\\/16195322_1151025778329605_4095165998467416965_n.jpg?resize=150%2C150\",\"title\":\"16195322_1151025778329605_4095165998467416965_n\",\"description\":\"\"},{\"image\":\"https:\\\/\\\/i0.wp.com\\\/www.downcentar.hr\\\/wp-content\\\/uploads\\\/2017\\\/03\\\/16265515_1151026168329566_4246610868196669327_n.jpg?fit=200%2C200\",\"big\":\"https:\\\/\\\/i0.wp.com\\\/www.downcentar.hr\\\/wp-content\\\/uploads\\\/2017\\\/03\\\/16265515_1151026168329566_4246610868196669327_n.jpg?fit=200%2C200\",\"thumb\":\"https:\\\/\\\/i0.wp.com\\\/www.downcentar.hr\\\/wp-content\\\/uploads\\\/2017\\\/03\\\/16265515_1151026168329566_4246610868196669327_n.jpg?resize=150%2C150\",\"title\":\"16265515_1151026168329566_4246610868196669327_n\",\"description\":\"\"},{\"image\":\"https:\\\/\\\/i0.wp.com\\\/www.downcentar.hr\\\/wp-content\\\/uploads\\\/2017\\\/03\\\/16266291_1151025751662941_1351961388576019573_n.jpg?fit=200%2C200\",\"big\":\"https:\\\/\\\/i0.wp.com\\\/www.downcentar.hr\\\/wp-content\\\/uploads\\\/2017\\\/03\\\/16266291_1151025751662941_1351961388576019573_n.jpg?fit=200%2C200\",\"thumb\":\"https:\\\/\\\/i0.wp.com\\\/www.downcentar.hr\\\/wp-content\\\/uploads\\\/2017\\\/03\\\/16266291_1151025751662941_1351961388576019573_n.jpg?resize=150%2C150\",\"title\":\"16266291_1151025751662941_1351961388576019573_n\",\"description\":\"\"},{\"image\":\"https:\\\/\\\/i0.wp.com\\\/www.downcentar.hr\\\/wp-content\\\/uploads\\\/2017\\\/03\\\/16298553_1151031594995690_8547893978070778817_n.jpg?fit=200%2C200\",\"big\":\"https:\\\/\\\/i0.wp.com\\\/www.downcentar.hr\\\/wp-content\\\/uploads\\\/2017\\\/03\\\/16298553_1151031594995690_8547893978070778817_n.jpg?fit=200%2C200\",\"thumb\":\"https:\\\/\\\/i0.wp.com\\\/www.downcentar.hr\\\/wp-content\\\/uploads\\\/2017\\\/03\\\/16298553_1151031594995690_8547893978070778817_n.jpg?resize=150%2C150\",\"title\":\"16298553_1151031594995690_8547893978070778817_n\",\"description\":\"\"},{\"image\":\"https:\\\/\\\/i0.wp.com\\\/www.downcentar.hr\\\/wp-content\\\/uploads\\\/2017\\\/03\\\/16298649_1151024398329743_4204707074035573181_n.jpg?fit=200%2C200\",\"big\":\"https:\\\/\\\/i0.wp.com\\\/www.downcentar.hr\\\/wp-content\\\/uploads\\\/2017\\\/03\\\/16298649_1151024398329743_4204707074035573181_n.jpg?fit=200%2C200\",\"thumb\":\"https:\\\/\\\/i0.wp.com\\\/www.downcentar.hr\\\/wp-content\\\/uploads\\\/2017\\\/03\\\/16298649_1151024398329743_4204707074035573181_n.jpg?resize=150%2C150\",\"title\":\"16298649_1151024398329743_4204707074035573181_n\",\"description\":\"\"},{\"image\":\"https:\\\/\\\/i0.wp.com\\\/www.downcentar.hr\\\/wp-content\\\/uploads\\\/2017\\\/03\\\/16298725_1151006494998200_4511677795969570315_n.jpg?fit=200%2C200\",\"big\":\"https:\\\/\\\/i0.wp.com\\\/www.downcentar.hr\\\/wp-content\\\/uploads\\\/2017\\\/03\\\/16298725_1151006494998200_4511677795969570315_n.jpg?fit=200%2C200\",\"thumb\":\"https:\\\/\\\/i0.wp.com\\\/www.downcentar.hr\\\/wp-content\\\/uploads\\\/2017\\\/03\\\/16298725_1151006494998200_4511677795969570315_n.jpg?resize=150%2C150\",\"title\":\"16298725_1151006494998200_4511677795969570315_n\",\"description\":\"\"},{\"image\":\"https:\\\/\\\/i0.wp.com\\\/www.downcentar.hr\\\/wp-content\\\/uploads\\\/2017\\\/03\\\/16142824_1151007091664807_7839533436773569966_n.jpg?fit=200%2C200\",\"big\":\"https:\\\/\\\/i0.wp.com\\\/www.downcentar.hr\\\/wp-content\\\/uploads\\\/2017\\\/03\\\/16142824_1151007091664807_7839533436773569966_n.jpg?fit=200%2C200\",\"thumb\":\"https:\\\/\\\/i0.wp.com\\\/www.downcentar.hr\\\/wp-content\\\/uploads\\\/2017\\\/03\\\/16142824_1151007091664807_7839533436773569966_n.jpg?resize=150%2C150\",\"title\":\"16142824_1151007091664807_7839533436773569966_n\",\"description\":\"\"},{\"image\":\"https:\\\/\\\/i0.wp.com\\\/www.downcentar.hr\\\/wp-content\\\/uploads\\\/2017\\\/03\\\/16142851_1151024434996406_8336478602172420210_n.jpg?fit=200%2C200\",\"big\":\"https:\\\/\\\/i0.wp.com\\\/www.downcentar.hr\\\/wp-content\\\/uploads\\\/2017\\\/03\\\/16142851_1151024434996406_8336478602172420210_n.jpg?fit=200%2C200\",\"thumb\":\"https:\\\/\\\/i0.wp.com\\\/www.downcentar.hr\\\/wp-content\\\/uploads\\\/2017\\\/03\\\/16142851_1151024434996406_8336478602172420210_n.jpg?resize=150%2C150\",\"title\":\"16142851_1151024434996406_8336478602172420210_n\",\"description\":\"\"},{\"image\":\"https:\\\/\\\/i0.wp.com\\\/www.downcentar.hr\\\/wp-content\\\/uploads\\\/2017\\\/03\\\/16143015_1151008361664680_7815633971703704334_n.jpg?fit=200%2C200\",\"big\":\"https:\\\/\\\/i0.wp.com\\\/www.downcentar.hr\\\/wp-content\\\/uploads\\\/2017\\\/03\\\/16143015_1151008361664680_7815633971703704334_n.jpg?fit=200%2C200\",\"thumb\":\"https:\\\/\\\/i0.wp.com\\\/www.downcentar.hr\\\/wp-content\\\/uploads\\\/2017\\\/03\\\/16143015_1151008361664680_7815633971703704334_n.jpg?resize=150%2C150\",\"title\":\"16143015_1151008361664680_7815633971703704334_n\",\"description\":\"\"},{\"image\":\"https:\\\/\\\/i0.wp.com\\\/www.downcentar.hr\\\/wp-content\\\/uploads\\\/2017\\\/03\\\/16194950_1151009148331268_7452612463226513771_n.jpg?fit=200%2C200\",\"big\":\"https:\\\/\\\/i0.wp.com\\\/www.downcentar.hr\\\/wp-content\\\/uploads\\\/2017\\\/03\\\/16194950_1151009148331268_7452612463226513771_n.jpg?fit=200%2C200\",\"thumb\":\"https:\\\/\\\/i0.wp.com\\\/www.downcentar.hr\\\/wp-content\\\/uploads\\\/2017\\\/03\\\/16194950_1151009148331268_7452612463226513771_n.jpg?resize=150%2C150\",\"title\":\"16194950_1151009148331268_7452612463226513771_n\",\"description\":\"\"},{\"image\":\"https:\\\/\\\/i0.wp.com\\\/www.downcentar.hr\\\/wp-content\\\/uploads\\\/2017\\\/03\\\/16195212_1151034444995405_1808240036315532409_n.jpg?fit=200%2C200\",\"big\":\"https:\\\/\\\/i0.wp.com\\\/www.downcentar.hr\\\/wp-content\\\/uploads\\\/2017\\\/03\\\/16195212_1151034444995405_1808240036315532409_n.jpg?fit=200%2C200\",\"thumb\":\"https:\\\/\\\/i0.wp.com\\\/www.downcentar.hr\\\/wp-content\\\/uploads\\\/2017\\\/03\\\/16195212_1151034444995405_1808240036315532409_n.jpg?resize=150%2C150\",\"title\":\"16195212_1151034444995405_1808240036315532409_n\",\"description\":\"\"}],\"width\":\"auto\",\"height\":0.7600000000000000088817841970012523233890533447265625,\"autoplay\":false,\"transition\":\"slide\",\"initialTransition\":\"fade\",\"transitionSpeed\":0,\"_delayTime\":4000,\"_hideControls\":false,\"_thumbnailMode\":\"grid\",\"_captionMode\":\"on_expand\"}); });<\/script>\n<p>Hrvatska zna kako &#8211; Konferencija u Europskom parlamentu &#8230; \ud83d\ude42<\/p>\n","protected":false},"excerpt":{"rendered":"<p>Hrvatska zna kako &#8211; Konferencija u Europskom parlamentu &#8230; \ud83d\ude42<\/p>\n","protected":false},"author":1,"featured_media":4125,"comment_status":"open","ping_status":"open","sticky":false,"template":"","format":"standard","meta":{"pgc_sgb_lightbox_settings":"","jetpack_post_was_ever_published":false,"_jetpack_newsletter_access":"","_jetpack_newsletter_tier_id":0,"footnotes":"","jetpack_publicize_message":"Hrvatska zna kako - Konferencija u Europskom parlamentu ... :)","jetpack_is_tweetstorm":false,"jetpack_publicize_feature_enabled":true,"jetpack_social_post_already_shared":true,"jetpack_social_options":{"image_generator_settings":{"template":"highway","enabled":false}}},"categories":[2],"tags":[],"jetpack_publicize_connections":[],"aioseo_notices":[],"jetpack_featured_media_url":"https:\/\/i0.wp.com\/www.downcentar.hr\/wp-content\/uploads\/2017\/03\/16143015_1151008361664680_7815633971703704334_n.jpg?fit=200%2C200","jetpack_sharing_enabled":true,"jetpack_shortlink":"https:\/\/wp.me\/p78Mt7-14n","jetpack-related-posts":[{"id":3988,"url":"http:\/\/www.downcentar.hr\/hr\/2017\/03\/30\/u-europskom-parlamentu-ugosceni-sticenici-down-syndrome-centar-pula\/","url_meta":{"origin":4115,"position":0},"title":"U Europskom parlamentu ugo\u0161\u0107eni \u0161ti\u0107enici Down Syndrome Centar Pula","author":"admin","date":"30\/03\/2017","format":false,"excerpt":"U sije\u010dnju smo u Europskom parlamentu ugostili \u0161ti\u0107enike Down Syndrome Centar Pula koji su nam pokazali kako se uporno\u0161\u0107u i vrijednim radom mo\u017ee posti\u0107i puno i zahvaljuju\u0107i njima Hrvatska je uzor svima u EU. \u017delimo podi\u0107i svijest o va\u017enosti integracije osoba s Downovim sindromom i zato je na\u0161 cijeli ured\u2026","rel":"","context":"U &quot;Novosti&quot;","block_context":{"text":"Novosti","link":"http:\/\/www.downcentar.hr\/hr\/category\/novosti\/"},"img":{"alt_text":"","src":"https:\/\/i0.wp.com\/www.downcentar.hr\/wp-content\/uploads\/2017\/03\/eu-p-1.jpg?fit=1200%2C675&resize=350%2C200","width":350,"height":200,"srcset":"https:\/\/i0.wp.com\/www.downcentar.hr\/wp-content\/uploads\/2017\/03\/eu-p-1.jpg?fit=1200%2C675&resize=350%2C200 1x, https:\/\/i0.wp.com\/www.downcentar.hr\/wp-content\/uploads\/2017\/03\/eu-p-1.jpg?fit=1200%2C675&resize=525%2C300 1.5x, https:\/\/i0.wp.com\/www.downcentar.hr\/wp-content\/uploads\/2017\/03\/eu-p-1.jpg?fit=1200%2C675&resize=700%2C400 2x, https:\/\/i0.wp.com\/www.downcentar.hr\/wp-content\/uploads\/2017\/03\/eu-p-1.jpg?fit=1200%2C675&resize=1050%2C600 3x"},"classes":[]},{"id":4045,"url":"http:\/\/www.downcentar.hr\/hr\/2017\/03\/30\/video-prezentacija-dsc-pula-u-europskom-parlamentu\/","url_meta":{"origin":4115,"position":1},"title":"Video prezentacija DSC Pula u Europskom parlamentu!","author":"admin","date":"30\/03\/2017","format":false,"excerpt":"Video prezentacija DSC Pula u Europskom parlamentu!","rel":"","context":"U &quot;Novosti&quot;","block_context":{"text":"Novosti","link":"http:\/\/www.downcentar.hr\/hr\/category\/novosti\/"},"img":{"alt_text":"","src":"https:\/\/i0.wp.com\/www.downcentar.hr\/wp-content\/uploads\/2017\/03\/dsc-prezentacija.jpg?fit=697%2C348&resize=350%2C200","width":350,"height":200,"srcset":"https:\/\/i0.wp.com\/www.downcentar.hr\/wp-content\/uploads\/2017\/03\/dsc-prezentacija.jpg?fit=697%2C348&resize=350%2C200 1x, https:\/\/i0.wp.com\/www.downcentar.hr\/wp-content\/uploads\/2017\/03\/dsc-prezentacija.jpg?fit=697%2C348&resize=525%2C300 1.5x"},"classes":[]},{"id":4042,"url":"http:\/\/www.downcentar.hr\/hr\/2017\/03\/30\/clanovi-centra-down-syndrome-pula-stigli-u-dvodnevni-posjet-europskom-parlamentu\/","url_meta":{"origin":4115,"position":2},"title":"\u010clanovi centra Down Syndrome Pula stigli u dvodnevni posjet Europskom parlamentu","author":"admin","date":"30\/03\/2017","format":false,"excerpt":"\u010clanovi centra Down Syndrome Pula stigli su danas u dvodnevni posjet Europskom parlamentu na poziv zastupnica Dubravka Suica i Ivana Maleti\u0107 (EPP) i zastupnika Ivan Jakov\u010di\u0107 (ALDE). U tijeku je predavanje u EP-u o njegovom radu i funkcijama, dok \u0107e sutra biti odr\u017eana konferencija \"Multidisciplinary rehabilitation of Down Syndrome \u2013\u2026","rel":"","context":"U &quot;Novosti&quot;","block_context":{"text":"Novosti","link":"http:\/\/www.downcentar.hr\/hr\/category\/novosti\/"},"img":{"alt_text":"","src":"https:\/\/i0.wp.com\/www.downcentar.hr\/wp-content\/uploads\/2017\/03\/u-briselu.jpg?fit=1200%2C900&resize=350%2C200","width":350,"height":200,"srcset":"https:\/\/i0.wp.com\/www.downcentar.hr\/wp-content\/uploads\/2017\/03\/u-briselu.jpg?fit=1200%2C900&resize=350%2C200 1x, https:\/\/i0.wp.com\/www.downcentar.hr\/wp-content\/uploads\/2017\/03\/u-briselu.jpg?fit=1200%2C900&resize=525%2C300 1.5x, https:\/\/i0.wp.com\/www.downcentar.hr\/wp-content\/uploads\/2017\/03\/u-briselu.jpg?fit=1200%2C900&resize=700%2C400 2x, https:\/\/i0.wp.com\/www.downcentar.hr\/wp-content\/uploads\/2017\/03\/u-briselu.jpg?fit=1200%2C900&resize=1050%2C600 3x"},"classes":[]},{"id":4101,"url":"http:\/\/www.downcentar.hr\/hr\/2017\/03\/30\/kava-za-sve-papo-program-predstavljen-u-europskom-parlamentu\/","url_meta":{"origin":4115,"position":3},"title":"Kava za sve &#8211; Papo program predstavljen u Europskom parlamentu&#8230;","author":"admin","date":"30\/03\/2017","format":false,"excerpt":"...Hvala na podr\u0161ci profesorici Sandri \u017divoli\u0107, u\u010denicima, cijeloj S\u0160 Eugen Kumi\u010di\u0107 iz Rovinja i Denisu Bimba\u0161i\u0107, vlasniku Caffe Bara ''Uliks'' u Puli....VOLIMO VAS... :)","rel":"","context":"U &quot;Novosti&quot;","block_context":{"text":"Novosti","link":"http:\/\/www.downcentar.hr\/hr\/category\/novosti\/"},"img":{"alt_text":"","src":"","width":0,"height":0},"classes":[]},{"id":4135,"url":"http:\/\/www.downcentar.hr\/hr\/2017\/03\/30\/konferencija-o-rehabilitaciji-osoba-s-downovim-sindromom\/","url_meta":{"origin":4115,"position":4},"title":"Konferencija o rehabilitaciji osoba s Downovim sindromom","author":"admin","date":"30\/03\/2017","format":false,"excerpt":"Na poziv hrvatskih zastupnika u Europskom parlamentu Dubravke \u0160uice, Ivane Maleti\u0107 i Ivana Jakov\u010di\u0107a te u suradnji s Centrom za rehabilitaciju za osobe s Downovim sindromom (DS) i njihove obitelji u Puli, u Bruxellesu je danas odr\u017eana konferencija pod naslovom \u201eVi\u0161edisciplinarna rehabilitacija osoba s Downovim sindromom - uvjet za integraciju\u201c.\u2026","rel":"","context":"U &quot;Novosti&quot;","block_context":{"text":"Novosti","link":"http:\/\/www.downcentar.hr\/hr\/category\/novosti\/"},"img":{"alt_text":"","src":"https:\/\/i0.wp.com\/www.downcentar.hr\/wp-content\/uploads\/2017\/03\/image2.jpg?fit=620%2C413&resize=350%2C200","width":350,"height":200,"srcset":"https:\/\/i0.wp.com\/www.downcentar.hr\/wp-content\/uploads\/2017\/03\/image2.jpg?fit=620%2C413&resize=350%2C200 1x, https:\/\/i0.wp.com\/www.downcentar.hr\/wp-content\/uploads\/2017\/03\/image2.jpg?fit=620%2C413&resize=525%2C300 1.5x"},"classes":[]},{"id":4057,"url":"http:\/\/www.downcentar.hr\/hr\/2017\/03\/30\/u-europarlamentu-predstavljena-rehabilitacija-osoba-s-downovim-sindromom\/","url_meta":{"origin":4115,"position":5},"title":"U Europarlamentu predstavljena rehabilitacija osoba s Downovim sindromom","author":"admin","date":"30\/03\/2017","format":false,"excerpt":"Na poziv zastupnika Ivana Jakov\u010di\u0107a te zastupnica Dubravke \u0160uice i Ivane Maleti\u0107, Europski parlament su posjetili polaznici rehabilitacijskih programa Centra za Downov sindrom iz Pule. Nakon sudjelovanja na Konferenciji o multidisciplinarnoj rehabilitaciji osoba s Downovim sindromom, dvanaestoro polaznika pulskog Centra eurozastupnicima su u parlamentarnom kafi\u0107u poslu\u017eivali kavu i kola\u010de. Cijenjeni\u2026","rel":"","context":"U &quot;Novosti&quot;","block_context":{"text":"Novosti","link":"http:\/\/www.downcentar.hr\/hr\/category\/novosti\/"},"img":{"alt_text":"","src":"https:\/\/i0.wp.com\/www.downcentar.hr\/wp-content\/uploads\/2017\/03\/GO03354228.jpg?fit=643%2C320&resize=350%2C200","width":350,"height":200,"srcset":"https:\/\/i0.wp.com\/www.downcentar.hr\/wp-content\/uploads\/2017\/03\/GO03354228.jpg?fit=643%2C320&resize=350%2C200 1x, https:\/\/i0.wp.com\/www.downcentar.hr\/wp-content\/uploads\/2017\/03\/GO03354228.jpg?fit=643%2C320&resize=525%2C300 1.5x"},"classes":[]}],"_links":{"self":[{"href":"http:\/\/www.downcentar.hr\/hr\/wp-json\/wp\/v2\/posts\/4115"}],"collection":[{"href":"http:\/\/www.downcentar.hr\/hr\/wp-json\/wp\/v2\/posts"}],"about":[{"href":"http:\/\/www.downcentar.hr\/hr\/wp-json\/wp\/v2\/types\/post"}],"author":[{"embeddable":true,"href":"http:\/\/www.downcentar.hr\/hr\/wp-json\/wp\/v2\/users\/1"}],"replies":[{"embeddable":true,"href":"http:\/\/www.downcentar.hr\/hr\/wp-json\/wp\/v2\/comments?post=4115"}],"version-history":[{"count":1,"href":"http:\/\/www.downcentar.hr\/hr\/wp-json\/wp\/v2\/posts\/4115\/revisions"}],"predecessor-version":[{"id":4128,"href":"http:\/\/www.downcentar.hr\/hr\/wp-json\/wp\/v2\/posts\/4115\/revisions\/4128"}],"wp:featuredmedia":[{"embeddable":true,"href":"http:\/\/www.downcentar.hr\/hr\/wp-json\/wp\/v2\/media\/4125"}],"wp:attachment":[{"href":"http:\/\/www.downcentar.hr\/hr\/wp-json\/wp\/v2\/media?parent=4115"}],"wp:term":[{"taxonomy":"category","embeddable":true,"href":"http:\/\/www.downcentar.hr\/hr\/wp-json\/wp\/v2\/categories?post=4115"},{"taxonomy":"post_tag","embeddable":true,"href":"http:\/\/www.downcentar.hr\/hr\/wp-json\/wp\/v2\/tags?post=4115"}],"curies":[{"name":"wp","href":"https:\/\/api.w.org\/{rel}","templated":true}]}}