{"id":5256,"date":"2019-09-29T15:03:19","date_gmt":"2019-09-29T14:03:19","guid":{"rendered":"http:\/\/www.downcentar.hr\/?p=5256"},"modified":"2019-09-29T15:03:19","modified_gmt":"2019-09-29T14:03:19","slug":"vijesti-tvn-down-centar-pula-o-suradnji-sa-svedanima-23-09-2019","status":"publish","type":"post","link":"http:\/\/www.downcentar.hr\/hr\/2019\/09\/29\/vijesti-tvn-down-centar-pula-o-suradnji-sa-svedanima-23-09-2019\/","title":{"rendered":"Vijesti TVN &#8211; Down centar Pula o suradnji sa \u0160ve\u0111anima 23.09.2019."},"content":{"rendered":"<p><iframe loading=\"lazy\" src=\"https:\/\/www.youtube.com\/embed\/fIV_4c3lIdA\" width=\"800\" height=\"600\" frameborder=\"0\" allowfullscreen=\"allowfullscreen\"><\/iframe><\/p>\n<p>Vijesti TVN &#8211; Down centar Pula o suradnji sa \u0160ve\u0111anima 23.09.2019.<\/p>\n","protected":false},"excerpt":{"rendered":"<p>Vijesti TVN &#8211; Down centar Pula o suradnji sa \u0160ve\u0111anima 23.09.2019.<\/p>\n","protected":false},"author":1,"featured_media":5258,"comment_status":"open","ping_status":"open","sticky":false,"template":"","format":"standard","meta":{"pgc_sgb_lightbox_settings":"","jetpack_post_was_ever_published":false,"_jetpack_newsletter_access":"","_jetpack_newsletter_tier_id":0,"footnotes":"","jetpack_publicize_message":"","jetpack_is_tweetstorm":false,"jetpack_publicize_feature_enabled":true,"jetpack_social_post_already_shared":false,"jetpack_social_options":{"image_generator_settings":{"template":"highway","enabled":false}}},"categories":[2],"tags":[],"jetpack_publicize_connections":[],"aioseo_notices":[],"jetpack_featured_media_url":"https:\/\/i0.wp.com\/www.downcentar.hr\/wp-content\/uploads\/2019\/09\/vijesti-tvn-down-centar-pula-o-s.jpg?fit=1280%2C720","jetpack_sharing_enabled":true,"jetpack_shortlink":"https:\/\/wp.me\/p78Mt7-1mM","jetpack-related-posts":[{"id":4129,"url":"http:\/\/www.downcentar.hr\/hr\/2017\/03\/30\/zastupnica-dubravka-suica-otvara-konferenciju-multidisciplinary-rehabilitation-of-down-syndrome-the-condition-of-the-integration\/","url_meta":{"origin":5256,"position":0},"title":"Zastupnica Dubravka \u0160uica otvara konferenciju &#8220;Multidisciplinary rehabilitation of Down Syndrome &#8211; the condition of the integration&#8221;","author":"admin","date":"30\/03\/2017","format":false,"excerpt":"Zastupnica Dubravka \u0160uica otvara konferenciju \"Multidisciplinary rehabilitation of Down Syndrome - the condition of the integration\" koju u suradnji s Down Syndrome centar Pula organizira zajedno sa zastupnicom Ivana Maleti\u0107 i zastupnikom Ivan Jakov\u010di\u0107.","rel":"","context":"U &quot;Novosti&quot;","block_context":{"text":"Novosti","link":"http:\/\/www.downcentar.hr\/hr\/category\/novosti\/"},"img":{"alt_text":"","src":"https:\/\/i0.wp.com\/www.downcentar.hr\/wp-content\/uploads\/2017\/03\/parla-1.jpg?fit=960%2C960&resize=350%2C200","width":350,"height":200,"srcset":"https:\/\/i0.wp.com\/www.downcentar.hr\/wp-content\/uploads\/2017\/03\/parla-1.jpg?fit=960%2C960&resize=350%2C200 1x, https:\/\/i0.wp.com\/www.downcentar.hr\/wp-content\/uploads\/2017\/03\/parla-1.jpg?fit=960%2C960&resize=525%2C300 1.5x, https:\/\/i0.wp.com\/www.downcentar.hr\/wp-content\/uploads\/2017\/03\/parla-1.jpg?fit=960%2C960&resize=700%2C400 2x"},"classes":[]},{"id":3988,"url":"http:\/\/www.downcentar.hr\/hr\/2017\/03\/30\/u-europskom-parlamentu-ugosceni-sticenici-down-syndrome-centar-pula\/","url_meta":{"origin":5256,"position":1},"title":"U Europskom parlamentu ugo\u0161\u0107eni \u0161ti\u0107enici Down Syndrome Centar Pula","author":"admin","date":"30\/03\/2017","format":false,"excerpt":"U sije\u010dnju smo u Europskom parlamentu ugostili \u0161ti\u0107enike Down Syndrome Centar Pula koji su nam pokazali kako se uporno\u0161\u0107u i vrijednim radom mo\u017ee posti\u0107i puno i zahvaljuju\u0107i njima Hrvatska je uzor svima u EU. \u017delimo podi\u0107i svijest o va\u017enosti integracije osoba s Downovim sindromom i zato je na\u0161 cijeli ured\u2026","rel":"","context":"U &quot;Novosti&quot;","block_context":{"text":"Novosti","link":"http:\/\/www.downcentar.hr\/hr\/category\/novosti\/"},"img":{"alt_text":"","src":"https:\/\/i0.wp.com\/www.downcentar.hr\/wp-content\/uploads\/2017\/03\/eu-p-1.jpg?fit=1200%2C675&resize=350%2C200","width":350,"height":200,"srcset":"https:\/\/i0.wp.com\/www.downcentar.hr\/wp-content\/uploads\/2017\/03\/eu-p-1.jpg?fit=1200%2C675&resize=350%2C200 1x, https:\/\/i0.wp.com\/www.downcentar.hr\/wp-content\/uploads\/2017\/03\/eu-p-1.jpg?fit=1200%2C675&resize=525%2C300 1.5x, https:\/\/i0.wp.com\/www.downcentar.hr\/wp-content\/uploads\/2017\/03\/eu-p-1.jpg?fit=1200%2C675&resize=700%2C400 2x, https:\/\/i0.wp.com\/www.downcentar.hr\/wp-content\/uploads\/2017\/03\/eu-p-1.jpg?fit=1200%2C675&resize=1050%2C600 3x"},"classes":[]},{"id":5526,"url":"http:\/\/www.downcentar.hr\/hr\/2026\/04\/10\/natjecaja-za-imenovanje-ravnatelja-ice-ustanove-centra-za-rehabilitaciju-down-syndrom-centar-pula\/","url_meta":{"origin":5256,"position":2},"title":"Natje\u010daja za imenovanje ravnatelja\/ice","author":"admin","date":"10\/04\/2026","format":false,"excerpt":"CENTRA ZA REHABILITACIJU DOWN SYNDROM CENTAR PULA od 10.travnja 2026. godine, raspisuje Javni natje\u010daj za izbor i imenovanje ravnatelja\/ice CENTRA ZA REHABILITACIJU DOWN SYNDROM CENTAR PULA\" \u00a0 Cijeli tekst natje\u010daja u prikladnom formatu mo\u017eete preuzeti ovdje","rel":"","context":"U &quot;Novosti&quot;","block_context":{"text":"Novosti","link":"http:\/\/www.downcentar.hr\/hr\/category\/novosti\/"},"img":{"alt_text":"","src":"https:\/\/i0.wp.com\/www.downcentar.hr\/wp-content\/uploads\/2026\/04\/natjecaj-za-ravnatelja.png?fit=1200%2C800&resize=350%2C200","width":350,"height":200,"srcset":"https:\/\/i0.wp.com\/www.downcentar.hr\/wp-content\/uploads\/2026\/04\/natjecaj-za-ravnatelja.png?fit=1200%2C800&resize=350%2C200 1x, https:\/\/i0.wp.com\/www.downcentar.hr\/wp-content\/uploads\/2026\/04\/natjecaj-za-ravnatelja.png?fit=1200%2C800&resize=525%2C300 1.5x, https:\/\/i0.wp.com\/www.downcentar.hr\/wp-content\/uploads\/2026\/04\/natjecaj-za-ravnatelja.png?fit=1200%2C800&resize=700%2C400 2x, https:\/\/i0.wp.com\/www.downcentar.hr\/wp-content\/uploads\/2026\/04\/natjecaj-za-ravnatelja.png?fit=1200%2C800&resize=1050%2C600 3x"},"classes":[]},{"id":5520,"url":"http:\/\/www.downcentar.hr\/hr\/2026\/03\/26\/obiljezavanje-svjetskog-dana-osoba-sa-sindromom-down\/","url_meta":{"origin":5256,"position":3},"title":"Obilje\u017eavanje Svjetskog dana osoba sa sindromom Down","author":"admin","date":"26\/03\/2026","format":false,"excerpt":"Obilje\u017eavanje Svjetskog dana osoba sa sindromom Down \u00a0 U subotu, 21. o\u017eujka 2026. u prostorijama Centra za rehabilitaciju Down syndrom centra Pula obilje\u017een je Svjetski dan osoba sa sindromom Down. Proslava je zapo\u010dela potpisivanjem ugovora o poslovnoj, stru\u010dnoj i nastavnoj suradnji s predstavnikom Fakulteta zdravstvenih studija Sveu\u010dili\u0161ta u Rijeci, prof.\u2026","rel":"","context":"U &quot;Novosti&quot;","block_context":{"text":"Novosti","link":"http:\/\/www.downcentar.hr\/hr\/category\/novosti\/"},"img":{"alt_text":"","src":"https:\/\/i0.wp.com\/www.downcentar.hr\/wp-content\/uploads\/2026\/03\/naslovna-fotografija-scaled.jpg?fit=1200%2C900&resize=350%2C200","width":350,"height":200,"srcset":"https:\/\/i0.wp.com\/www.downcentar.hr\/wp-content\/uploads\/2026\/03\/naslovna-fotografija-scaled.jpg?fit=1200%2C900&resize=350%2C200 1x, https:\/\/i0.wp.com\/www.downcentar.hr\/wp-content\/uploads\/2026\/03\/naslovna-fotografija-scaled.jpg?fit=1200%2C900&resize=525%2C300 1.5x, https:\/\/i0.wp.com\/www.downcentar.hr\/wp-content\/uploads\/2026\/03\/naslovna-fotografija-scaled.jpg?fit=1200%2C900&resize=700%2C400 2x, https:\/\/i0.wp.com\/www.downcentar.hr\/wp-content\/uploads\/2026\/03\/naslovna-fotografija-scaled.jpg?fit=1200%2C900&resize=1050%2C600 3x"},"classes":[]},{"id":4135,"url":"http:\/\/www.downcentar.hr\/hr\/2017\/03\/30\/konferencija-o-rehabilitaciji-osoba-s-downovim-sindromom\/","url_meta":{"origin":5256,"position":4},"title":"Konferencija o rehabilitaciji osoba s Downovim sindromom","author":"admin","date":"30\/03\/2017","format":false,"excerpt":"Na poziv hrvatskih zastupnika u Europskom parlamentu Dubravke \u0160uice, Ivane Maleti\u0107 i Ivana Jakov\u010di\u0107a te u suradnji s Centrom za rehabilitaciju za osobe s Downovim sindromom (DS) i njihove obitelji u Puli, u Bruxellesu je danas odr\u017eana konferencija pod naslovom \u201eVi\u0161edisciplinarna rehabilitacija osoba s Downovim sindromom - uvjet za integraciju\u201c.\u2026","rel":"","context":"U &quot;Novosti&quot;","block_context":{"text":"Novosti","link":"http:\/\/www.downcentar.hr\/hr\/category\/novosti\/"},"img":{"alt_text":"","src":"https:\/\/i0.wp.com\/www.downcentar.hr\/wp-content\/uploads\/2017\/03\/image2.jpg?fit=620%2C413&resize=350%2C200","width":350,"height":200,"srcset":"https:\/\/i0.wp.com\/www.downcentar.hr\/wp-content\/uploads\/2017\/03\/image2.jpg?fit=620%2C413&resize=350%2C200 1x, https:\/\/i0.wp.com\/www.downcentar.hr\/wp-content\/uploads\/2017\/03\/image2.jpg?fit=620%2C413&resize=525%2C300 1.5x"},"classes":[]},{"id":812,"url":"http:\/\/www.downcentar.hr\/hr\/2016\/02\/06\/josip-family\/","url_meta":{"origin":5256,"position":5},"title":"JOSIP &#038; FAMILY","author":"admin","date":"06\/02\/2016","format":false,"excerpt":"Joip\u00a0& Family na rehabilitaciji u Down Syndrome Centar Pula....","rel":"","context":"U &quot;Novosti&quot;","block_context":{"text":"Novosti","link":"http:\/\/www.downcentar.hr\/hr\/category\/novosti\/"},"img":{"alt_text":"","src":"https:\/\/i0.wp.com\/www.downcentar.hr\/wp-content\/uploads\/2016\/02\/IMG_0009.jpg?fit=788%2C591&resize=350%2C200","width":350,"height":200,"srcset":"https:\/\/i0.wp.com\/www.downcentar.hr\/wp-content\/uploads\/2016\/02\/IMG_0009.jpg?fit=788%2C591&resize=350%2C200 1x, https:\/\/i0.wp.com\/www.downcentar.hr\/wp-content\/uploads\/2016\/02\/IMG_0009.jpg?fit=788%2C591&resize=525%2C300 1.5x, https:\/\/i0.wp.com\/www.downcentar.hr\/wp-content\/uploads\/2016\/02\/IMG_0009.jpg?fit=788%2C591&resize=700%2C400 2x"},"classes":[]}],"_links":{"self":[{"href":"http:\/\/www.downcentar.hr\/hr\/wp-json\/wp\/v2\/posts\/5256"}],"collection":[{"href":"http:\/\/www.downcentar.hr\/hr\/wp-json\/wp\/v2\/posts"}],"about":[{"href":"http:\/\/www.downcentar.hr\/hr\/wp-json\/wp\/v2\/types\/post"}],"author":[{"embeddable":true,"href":"http:\/\/www.downcentar.hr\/hr\/wp-json\/wp\/v2\/users\/1"}],"replies":[{"embeddable":true,"href":"http:\/\/www.downcentar.hr\/hr\/wp-json\/wp\/v2\/comments?post=5256"}],"version-history":[{"count":1,"href":"http:\/\/www.downcentar.hr\/hr\/wp-json\/wp\/v2\/posts\/5256\/revisions"}],"predecessor-version":[{"id":5257,"href":"http:\/\/www.downcentar.hr\/hr\/wp-json\/wp\/v2\/posts\/5256\/revisions\/5257"}],"wp:featuredmedia":[{"embeddable":true,"href":"http:\/\/www.downcentar.hr\/hr\/wp-json\/wp\/v2\/media\/5258"}],"wp:attachment":[{"href":"http:\/\/www.downcentar.hr\/hr\/wp-json\/wp\/v2\/media?parent=5256"}],"wp:term":[{"taxonomy":"category","embeddable":true,"href":"http:\/\/www.downcentar.hr\/hr\/wp-json\/wp\/v2\/categories?post=5256"},{"taxonomy":"post_tag","embeddable":true,"href":"http:\/\/www.downcentar.hr\/hr\/wp-json\/wp\/v2\/tags?post=5256"}],"curies":[{"name":"wp","href":"https:\/\/api.w.org\/{rel}","templated":true}]}}