{"id":5263,"date":"2019-10-26T19:24:58","date_gmt":"2019-10-26T18:24:58","guid":{"rendered":"http:\/\/www.downcentar.hr\/?p=5263"},"modified":"2019-10-26T19:24:58","modified_gmt":"2019-10-26T18:24:58","slug":"konferencija-hranom-do-zdravlja-u-osijeku","status":"publish","type":"post","link":"http:\/\/www.downcentar.hr\/hr\/2019\/10\/26\/konferencija-hranom-do-zdravlja-u-osijeku\/","title":{"rendered":"Konferencija &#8220;Hranom do zdravlja&#8221; u Osijeku"},"content":{"rendered":"<div id=\"amw_galleria_slideshow_1\" class=\"amw-galleria-slideshow\"><\/div>\n<script type=\"text\/javascript\">jQuery(document).ready(function(){ jQuery(\"#amw_galleria_slideshow_1\").galleria({\"dataSource\":[{\"image\":\"https:\\\/\\\/i0.wp.com\\\/www.downcentar.hr\\\/wp-content\\\/uploads\\\/2019\\\/10\\\/2.jpg?fit=480%2C640\",\"big\":\"https:\\\/\\\/i0.wp.com\\\/www.downcentar.hr\\\/wp-content\\\/uploads\\\/2019\\\/10\\\/2.jpg?fit=480%2C640\",\"thumb\":\"https:\\\/\\\/i0.wp.com\\\/www.downcentar.hr\\\/wp-content\\\/uploads\\\/2019\\\/10\\\/2.jpg?resize=150%2C150\",\"title\":\"2\",\"description\":\"\"},{\"image\":\"https:\\\/\\\/i0.wp.com\\\/www.downcentar.hr\\\/wp-content\\\/uploads\\\/2019\\\/10\\\/3.jpg?fit=578%2C434\",\"big\":\"https:\\\/\\\/i0.wp.com\\\/www.downcentar.hr\\\/wp-content\\\/uploads\\\/2019\\\/10\\\/3.jpg?fit=578%2C434\",\"thumb\":\"https:\\\/\\\/i0.wp.com\\\/www.downcentar.hr\\\/wp-content\\\/uploads\\\/2019\\\/10\\\/3.jpg?resize=150%2C150\",\"title\":\"3\",\"description\":\"\"},{\"image\":\"https:\\\/\\\/i0.wp.com\\\/www.downcentar.hr\\\/wp-content\\\/uploads\\\/2019\\\/10\\\/1.jpg?fit=480%2C640\",\"big\":\"https:\\\/\\\/i0.wp.com\\\/www.downcentar.hr\\\/wp-content\\\/uploads\\\/2019\\\/10\\\/1.jpg?fit=480%2C640\",\"thumb\":\"https:\\\/\\\/i0.wp.com\\\/www.downcentar.hr\\\/wp-content\\\/uploads\\\/2019\\\/10\\\/1.jpg?resize=150%2C150\",\"title\":\"1\",\"description\":\"\"}],\"width\":\"auto\",\"height\":0.7600000000000000088817841970012523233890533447265625,\"autoplay\":false,\"transition\":\"slide\",\"initialTransition\":\"fade\",\"transitionSpeed\":0,\"_delayTime\":4000,\"_hideControls\":false,\"_thumbnailMode\":\"grid\",\"_captionMode\":\"on_expand\"}); });<\/script>\n<p>Down sindrom centar je na poziv\u00a0doc.dr.sc. Maje Ergovi\u0107 Ravan\u010di\u0107, stu\u010dnjakinje za prehrambenu tehnologiju sa Veleu\u010dilista u Po\u017eegi i mame djevoj\u010dice Lucije sa Down sindromom, sudjelovao kao gost na me\u0111unarodnom znanstveno- stru\u010dnom skupu u Osijeku pod nazivom Hranom do zdravlja.<\/p>\n<p>G\u0111a Ergovi\u0107 Ravan\u010di\u0107 je odr\u017eala izrazito zanimljivo predavanje pod nazivom \u201cUpotreba dodataka prehrani kod osoba s Down sindromom\u201d. U izradi znanstvenog rada sudjelovala je i njena kolegica\u00a0doc.dr.sc. Valentina Obradovi\u0107.<\/p>\n","protected":false},"excerpt":{"rendered":"<p>Down sindrom centar je na poziv\u00a0doc.dr.sc. Maje Ergovi\u0107 Ravan\u010di\u0107, stu\u010dnjakinje za prehrambenu tehnologiju sa Veleu\u010dilista u Po\u017eegi i mame djevoj\u010dice Lucije sa Down sindromom, sudjelovao kao gost na me\u0111unarodnom znanstveno- stru\u010dnom skupu u Osijeku pod nazivom Hranom do zdravlja. G\u0111a Ergovi\u0107 Ravan\u010di\u0107 je odr\u017eala izrazito zanimljivo predavanje pod nazivom \u201cUpotreba dodataka prehrani kod osoba s Down sindromom\u201d. U izradi znanstvenog rada sudjelovala je i njena kolegica\u00a0doc.dr.sc. Valentina Obradovi\u0107.<\/p>\n","protected":false},"author":1,"featured_media":5265,"comment_status":"open","ping_status":"open","sticky":false,"template":"","format":"standard","meta":{"pgc_sgb_lightbox_settings":"","jetpack_post_was_ever_published":false,"_jetpack_newsletter_access":"","_jetpack_newsletter_tier_id":0,"footnotes":"","jetpack_publicize_message":"","jetpack_is_tweetstorm":false,"jetpack_publicize_feature_enabled":true,"jetpack_social_post_already_shared":false,"jetpack_social_options":{"image_generator_settings":{"template":"highway","enabled":false}}},"categories":[2],"tags":[],"jetpack_publicize_connections":[],"aioseo_notices":[],"jetpack_featured_media_url":"https:\/\/i0.wp.com\/www.downcentar.hr\/wp-content\/uploads\/2019\/10\/3.jpg?fit=640%2C480","jetpack_sharing_enabled":true,"jetpack_shortlink":"https:\/\/wp.me\/p78Mt7-1mT","jetpack-related-posts":[{"id":4135,"url":"http:\/\/www.downcentar.hr\/hr\/2017\/03\/30\/konferencija-o-rehabilitaciji-osoba-s-downovim-sindromom\/","url_meta":{"origin":5263,"position":0},"title":"Konferencija o rehabilitaciji osoba s Downovim sindromom","author":"admin","date":"30\/03\/2017","format":false,"excerpt":"Na poziv hrvatskih zastupnika u Europskom parlamentu Dubravke \u0160uice, Ivane Maleti\u0107 i Ivana Jakov\u010di\u0107a te u suradnji s Centrom za rehabilitaciju za osobe s Downovim sindromom (DS) i njihove obitelji u Puli, u Bruxellesu je danas odr\u017eana konferencija pod naslovom \u201eVi\u0161edisciplinarna rehabilitacija osoba s Downovim sindromom - uvjet za integraciju\u201c.\u2026","rel":"","context":"U &quot;Novosti&quot;","block_context":{"text":"Novosti","link":"http:\/\/www.downcentar.hr\/hr\/category\/novosti\/"},"img":{"alt_text":"","src":"https:\/\/i0.wp.com\/www.downcentar.hr\/wp-content\/uploads\/2017\/03\/image2.jpg?fit=620%2C413&resize=350%2C200","width":350,"height":200,"srcset":"https:\/\/i0.wp.com\/www.downcentar.hr\/wp-content\/uploads\/2017\/03\/image2.jpg?fit=620%2C413&resize=350%2C200 1x, https:\/\/i0.wp.com\/www.downcentar.hr\/wp-content\/uploads\/2017\/03\/image2.jpg?fit=620%2C413&resize=525%2C300 1.5x"},"classes":[]},{"id":4057,"url":"http:\/\/www.downcentar.hr\/hr\/2017\/03\/30\/u-europarlamentu-predstavljena-rehabilitacija-osoba-s-downovim-sindromom\/","url_meta":{"origin":5263,"position":1},"title":"U Europarlamentu predstavljena rehabilitacija osoba s Downovim sindromom","author":"admin","date":"30\/03\/2017","format":false,"excerpt":"Na poziv zastupnika Ivana Jakov\u010di\u0107a te zastupnica Dubravke \u0160uice i Ivane Maleti\u0107, Europski parlament su posjetili polaznici rehabilitacijskih programa Centra za Downov sindrom iz Pule. Nakon sudjelovanja na Konferenciji o multidisciplinarnoj rehabilitaciji osoba s Downovim sindromom, dvanaestoro polaznika pulskog Centra eurozastupnicima su u parlamentarnom kafi\u0107u poslu\u017eivali kavu i kola\u010de. Cijenjeni\u2026","rel":"","context":"U &quot;Novosti&quot;","block_context":{"text":"Novosti","link":"http:\/\/www.downcentar.hr\/hr\/category\/novosti\/"},"img":{"alt_text":"","src":"https:\/\/i0.wp.com\/www.downcentar.hr\/wp-content\/uploads\/2017\/03\/GO03354228.jpg?fit=643%2C320&resize=350%2C200","width":350,"height":200,"srcset":"https:\/\/i0.wp.com\/www.downcentar.hr\/wp-content\/uploads\/2017\/03\/GO03354228.jpg?fit=643%2C320&resize=350%2C200 1x, https:\/\/i0.wp.com\/www.downcentar.hr\/wp-content\/uploads\/2017\/03\/GO03354228.jpg?fit=643%2C320&resize=525%2C300 1.5x"},"classes":[]},{"id":5520,"url":"http:\/\/www.downcentar.hr\/hr\/2026\/03\/26\/obiljezavanje-svjetskog-dana-osoba-sa-sindromom-down\/","url_meta":{"origin":5263,"position":2},"title":"Obilje\u017eavanje Svjetskog dana osoba sa sindromom Down","author":"admin","date":"26\/03\/2026","format":false,"excerpt":"Obilje\u017eavanje Svjetskog dana osoba sa sindromom Down \u00a0 U subotu, 21. o\u017eujka 2026. u prostorijama Centra za rehabilitaciju Down syndrom centra Pula obilje\u017een je Svjetski dan osoba sa sindromom Down. Proslava je zapo\u010dela potpisivanjem ugovora o poslovnoj, stru\u010dnoj i nastavnoj suradnji s predstavnikom Fakulteta zdravstvenih studija Sveu\u010dili\u0161ta u Rijeci, prof.\u2026","rel":"","context":"U &quot;Novosti&quot;","block_context":{"text":"Novosti","link":"http:\/\/www.downcentar.hr\/hr\/category\/novosti\/"},"img":{"alt_text":"","src":"https:\/\/i0.wp.com\/www.downcentar.hr\/wp-content\/uploads\/2026\/03\/naslovna-fotografija-scaled.jpg?fit=1200%2C900&resize=350%2C200","width":350,"height":200,"srcset":"https:\/\/i0.wp.com\/www.downcentar.hr\/wp-content\/uploads\/2026\/03\/naslovna-fotografija-scaled.jpg?fit=1200%2C900&resize=350%2C200 1x, https:\/\/i0.wp.com\/www.downcentar.hr\/wp-content\/uploads\/2026\/03\/naslovna-fotografija-scaled.jpg?fit=1200%2C900&resize=525%2C300 1.5x, https:\/\/i0.wp.com\/www.downcentar.hr\/wp-content\/uploads\/2026\/03\/naslovna-fotografija-scaled.jpg?fit=1200%2C900&resize=700%2C400 2x, https:\/\/i0.wp.com\/www.downcentar.hr\/wp-content\/uploads\/2026\/03\/naslovna-fotografija-scaled.jpg?fit=1200%2C900&resize=1050%2C600 3x"},"classes":[]},{"id":5493,"url":"http:\/\/www.downcentar.hr\/hr\/2025\/05\/06\/dodijela-priznanja-down-centru-pula\/","url_meta":{"origin":5263,"position":3},"title":"Dodijela priznanja Down centru Pula","author":"admin","date":"06\/05\/2025","format":false,"excerpt":"Povodom obilje\u017eavanja Dana Grada Pule, Gradona\u010delnik je dodijelio Povodom obilje\u017eavanja Dana Grada Pule, Gradona\u010delnik je dodijelio priznanje Down centru Pula za nesebi\u010dno zalaganje u pru\u017eanju usluga osobama sa Down sindromom u 20 godina postojanja I rada Down centra.\u00a0 za nesebi\u010dno zalaganje u pru\u017eanju usluga osobama sa Down sindromom u 20\u2026","rel":"","context":"U &quot;Novosti&quot;","block_context":{"text":"Novosti","link":"http:\/\/www.downcentar.hr\/hr\/category\/novosti\/"},"img":{"alt_text":"","src":"https:\/\/i0.wp.com\/www.downcentar.hr\/wp-content\/uploads\/2025\/05\/IMG-20250505-WA0002.jpg?fit=900%2C1200&resize=350%2C200","width":350,"height":200,"srcset":"https:\/\/i0.wp.com\/www.downcentar.hr\/wp-content\/uploads\/2025\/05\/IMG-20250505-WA0002.jpg?fit=900%2C1200&resize=350%2C200 1x, https:\/\/i0.wp.com\/www.downcentar.hr\/wp-content\/uploads\/2025\/05\/IMG-20250505-WA0002.jpg?fit=900%2C1200&resize=525%2C300 1.5x, https:\/\/i0.wp.com\/www.downcentar.hr\/wp-content\/uploads\/2025\/05\/IMG-20250505-WA0002.jpg?fit=900%2C1200&resize=700%2C400 2x"},"classes":[]},{"id":3475,"url":"http:\/\/www.downcentar.hr\/hr\/2016\/08\/17\/volonterski-kamp-nasicana-u-puli\/","url_meta":{"origin":5263,"position":4},"title":"Volonterski kamp Na\u0161i\u010dana u Puli","author":"admin","date":"17\/08\/2016","format":false,"excerpt":"O kampu, Puli, centru za rehabilitaciju i drugim doga\u0111ajima profesor An\u0111elko Cvijetovi\u0107 je za TV Na\u0161ice napisao nekoliko re\u010denica. \u201eS koncertom Parnog valjka i Akija u Areni, u pono\u0107 je okon\u010dan na\u0161 II. integracijski volonterski kamp u Centru za rehabilitaciju Down sindrom centru Pula! Hvala DSC Pula za ovaj zavr\u0161ni\u2026","rel":"","context":"U &quot;Novosti&quot;","block_context":{"text":"Novosti","link":"http:\/\/www.downcentar.hr\/hr\/category\/novosti\/"},"img":{"alt_text":"","src":"https:\/\/i0.wp.com\/www.downcentar.hr\/wp-content\/uploads\/2016\/08\/pula-otvoreno-srce-nasice7.jpg?fit=680%2C400&resize=350%2C200","width":350,"height":200,"srcset":"https:\/\/i0.wp.com\/www.downcentar.hr\/wp-content\/uploads\/2016\/08\/pula-otvoreno-srce-nasice7.jpg?fit=680%2C400&resize=350%2C200 1x, https:\/\/i0.wp.com\/www.downcentar.hr\/wp-content\/uploads\/2016\/08\/pula-otvoreno-srce-nasice7.jpg?fit=680%2C400&resize=525%2C300 1.5x"},"classes":[]},{"id":4236,"url":"http:\/\/www.downcentar.hr\/hr\/2017\/05\/18\/hrvatska-za-5-pomoc-djeci-s-downovim-sindromom-u-rh-5-svibnja-2017\/","url_meta":{"origin":5263,"position":5},"title":"Pogledajte snimku emisije HRVATSKA ZA 5 : Pomo\u0107 djeci sa Down sindromom u RH","author":"admin","date":"18\/05\/2017","format":false,"excerpt":"Kako senzibilizirati hrvatsko dru\u0161tvo za pomo\u0107 djeci s Downovim sindromom, kako poduprijeti njihove obitelji i uklju\u010divanje te djece u zajednicu? U emisiji ''Hrvatska za 5'' izravno govore Branka Butorac, Tomislav Veli\u0107, Dinka Vukovi\u0107, te roditelji, djeca s Downovim sindromom i stru\u010dnjaci koji im poma\u017eu. Reporta\u017ee pripremaju: Sla\u0111ana Bukovac, Zrinka Peri\u0107,\u2026","rel":"","context":"U &quot;Novosti&quot;","block_context":{"text":"Novosti","link":"http:\/\/www.downcentar.hr\/hr\/category\/novosti\/"},"img":{"alt_text":"","src":"https:\/\/i0.wp.com\/www.downcentar.hr\/wp-content\/uploads\/2017\/05\/Pula.jpg?fit=800%2C445&resize=350%2C200","width":350,"height":200,"srcset":"https:\/\/i0.wp.com\/www.downcentar.hr\/wp-content\/uploads\/2017\/05\/Pula.jpg?fit=800%2C445&resize=350%2C200 1x, https:\/\/i0.wp.com\/www.downcentar.hr\/wp-content\/uploads\/2017\/05\/Pula.jpg?fit=800%2C445&resize=525%2C300 1.5x, https:\/\/i0.wp.com\/www.downcentar.hr\/wp-content\/uploads\/2017\/05\/Pula.jpg?fit=800%2C445&resize=700%2C400 2x"},"classes":[]}],"_links":{"self":[{"href":"http:\/\/www.downcentar.hr\/hr\/wp-json\/wp\/v2\/posts\/5263"}],"collection":[{"href":"http:\/\/www.downcentar.hr\/hr\/wp-json\/wp\/v2\/posts"}],"about":[{"href":"http:\/\/www.downcentar.hr\/hr\/wp-json\/wp\/v2\/types\/post"}],"author":[{"embeddable":true,"href":"http:\/\/www.downcentar.hr\/hr\/wp-json\/wp\/v2\/users\/1"}],"replies":[{"embeddable":true,"href":"http:\/\/www.downcentar.hr\/hr\/wp-json\/wp\/v2\/comments?post=5263"}],"version-history":[{"count":1,"href":"http:\/\/www.downcentar.hr\/hr\/wp-json\/wp\/v2\/posts\/5263\/revisions"}],"predecessor-version":[{"id":5267,"href":"http:\/\/www.downcentar.hr\/hr\/wp-json\/wp\/v2\/posts\/5263\/revisions\/5267"}],"wp:featuredmedia":[{"embeddable":true,"href":"http:\/\/www.downcentar.hr\/hr\/wp-json\/wp\/v2\/media\/5265"}],"wp:attachment":[{"href":"http:\/\/www.downcentar.hr\/hr\/wp-json\/wp\/v2\/media?parent=5263"}],"wp:term":[{"taxonomy":"category","embeddable":true,"href":"http:\/\/www.downcentar.hr\/hr\/wp-json\/wp\/v2\/categories?post=5263"},{"taxonomy":"post_tag","embeddable":true,"href":"http:\/\/www.downcentar.hr\/hr\/wp-json\/wp\/v2\/tags?post=5263"}],"curies":[{"name":"wp","href":"https:\/\/api.w.org\/{rel}","templated":true}]}}