{"id":2022,"date":"2016-04-01T20:47:56","date_gmt":"2016-04-01T19:47:56","guid":{"rendered":"http:\/\/www.downcentar.hr\/?p=2022"},"modified":"2016-04-01T20:47:56","modified_gmt":"2016-04-01T19:47:56","slug":"prijatelji-iz-skole-za-odgoj-i-obrazovanje-pula-na-bazenu","status":"publish","type":"post","link":"https:\/\/www.downcentar.hr\/hr\/2016\/04\/01\/prijatelji-iz-skole-za-odgoj-i-obrazovanje-pula-na-bazenu\/","title":{"rendered":"Prijatelji iz \u0161kole za Odgoj i obrazovanje Pula na bazenu&#8230;)"},"content":{"rendered":"<div id=\"amw_galleria_slideshow_1\" class=\"amw-galleria-slideshow\"><\/div>\n<script type=\"text\/javascript\">jQuery(document).ready(function(){ jQuery(\"#amw_galleria_slideshow_1\").galleria({\"dataSource\":[{\"image\":\"https:\\\/\\\/i0.wp.com\\\/www.downcentar.hr\\\/wp-content\\\/uploads\\\/2016\\\/04\\\/IMG_3635.jpg?fit=578%2C434&ssl=1\",\"big\":\"https:\\\/\\\/i0.wp.com\\\/www.downcentar.hr\\\/wp-content\\\/uploads\\\/2016\\\/04\\\/IMG_3635.jpg?fit=578%2C434&ssl=1\",\"thumb\":\"https:\\\/\\\/i0.wp.com\\\/www.downcentar.hr\\\/wp-content\\\/uploads\\\/2016\\\/04\\\/IMG_3635.jpg?resize=150%2C150&ssl=1\",\"title\":\"IMG_3635\",\"description\":\"\"},{\"image\":\"https:\\\/\\\/i0.wp.com\\\/www.downcentar.hr\\\/wp-content\\\/uploads\\\/2016\\\/04\\\/IMG_3636.jpg?fit=578%2C434&ssl=1\",\"big\":\"https:\\\/\\\/i0.wp.com\\\/www.downcentar.hr\\\/wp-content\\\/uploads\\\/2016\\\/04\\\/IMG_3636.jpg?fit=578%2C434&ssl=1\",\"thumb\":\"https:\\\/\\\/i0.wp.com\\\/www.downcentar.hr\\\/wp-content\\\/uploads\\\/2016\\\/04\\\/IMG_3636.jpg?resize=150%2C150&ssl=1\",\"title\":\"IMG_3636\",\"description\":\"\"},{\"image\":\"https:\\\/\\\/i0.wp.com\\\/www.downcentar.hr\\\/wp-content\\\/uploads\\\/2016\\\/04\\\/IMG_3637.jpg?fit=578%2C434&ssl=1\",\"big\":\"https:\\\/\\\/i0.wp.com\\\/www.downcentar.hr\\\/wp-content\\\/uploads\\\/2016\\\/04\\\/IMG_3637.jpg?fit=578%2C434&ssl=1\",\"thumb\":\"https:\\\/\\\/i0.wp.com\\\/www.downcentar.hr\\\/wp-content\\\/uploads\\\/2016\\\/04\\\/IMG_3637.jpg?resize=150%2C150&ssl=1\",\"title\":\"IMG_3637\",\"description\":\"\"},{\"image\":\"https:\\\/\\\/i0.wp.com\\\/www.downcentar.hr\\\/wp-content\\\/uploads\\\/2016\\\/04\\\/IMG_3638.jpg?fit=578%2C434&ssl=1\",\"big\":\"https:\\\/\\\/i0.wp.com\\\/www.downcentar.hr\\\/wp-content\\\/uploads\\\/2016\\\/04\\\/IMG_3638.jpg?fit=578%2C434&ssl=1\",\"thumb\":\"https:\\\/\\\/i0.wp.com\\\/www.downcentar.hr\\\/wp-content\\\/uploads\\\/2016\\\/04\\\/IMG_3638.jpg?resize=150%2C150&ssl=1\",\"title\":\"IMG_3638\",\"description\":\"\"},{\"image\":\"https:\\\/\\\/i0.wp.com\\\/www.downcentar.hr\\\/wp-content\\\/uploads\\\/2016\\\/04\\\/IMG_3639.jpg?fit=578%2C434&ssl=1\",\"big\":\"https:\\\/\\\/i0.wp.com\\\/www.downcentar.hr\\\/wp-content\\\/uploads\\\/2016\\\/04\\\/IMG_3639.jpg?fit=578%2C434&ssl=1\",\"thumb\":\"https:\\\/\\\/i0.wp.com\\\/www.downcentar.hr\\\/wp-content\\\/uploads\\\/2016\\\/04\\\/IMG_3639.jpg?resize=150%2C150&ssl=1\",\"title\":\"IMG_3639\",\"description\":\"\"},{\"image\":\"https:\\\/\\\/i0.wp.com\\\/www.downcentar.hr\\\/wp-content\\\/uploads\\\/2016\\\/04\\\/IMG_3640.jpg?fit=578%2C434&ssl=1\",\"big\":\"https:\\\/\\\/i0.wp.com\\\/www.downcentar.hr\\\/wp-content\\\/uploads\\\/2016\\\/04\\\/IMG_3640.jpg?fit=578%2C434&ssl=1\",\"thumb\":\"https:\\\/\\\/i0.wp.com\\\/www.downcentar.hr\\\/wp-content\\\/uploads\\\/2016\\\/04\\\/IMG_3640.jpg?resize=150%2C150&ssl=1\",\"title\":\"IMG_3640\",\"description\":\"\"},{\"image\":\"https:\\\/\\\/i0.wp.com\\\/www.downcentar.hr\\\/wp-content\\\/uploads\\\/2016\\\/04\\\/IMG_3641.jpg?fit=578%2C434&ssl=1\",\"big\":\"https:\\\/\\\/i0.wp.com\\\/www.downcentar.hr\\\/wp-content\\\/uploads\\\/2016\\\/04\\\/IMG_3641.jpg?fit=578%2C434&ssl=1\",\"thumb\":\"https:\\\/\\\/i0.wp.com\\\/www.downcentar.hr\\\/wp-content\\\/uploads\\\/2016\\\/04\\\/IMG_3641.jpg?resize=150%2C150&ssl=1\",\"title\":\"IMG_3641\",\"description\":\"\"},{\"image\":\"https:\\\/\\\/i0.wp.com\\\/www.downcentar.hr\\\/wp-content\\\/uploads\\\/2016\\\/04\\\/IMG_3642.jpg?fit=578%2C434&ssl=1\",\"big\":\"https:\\\/\\\/i0.wp.com\\\/www.downcentar.hr\\\/wp-content\\\/uploads\\\/2016\\\/04\\\/IMG_3642.jpg?fit=578%2C434&ssl=1\",\"thumb\":\"https:\\\/\\\/i0.wp.com\\\/www.downcentar.hr\\\/wp-content\\\/uploads\\\/2016\\\/04\\\/IMG_3642.jpg?resize=150%2C150&ssl=1\",\"title\":\"IMG_3642\",\"description\":\"\"},{\"image\":\"https:\\\/\\\/i0.wp.com\\\/www.downcentar.hr\\\/wp-content\\\/uploads\\\/2016\\\/04\\\/IMG_3643.jpg?fit=578%2C434&ssl=1\",\"big\":\"https:\\\/\\\/i0.wp.com\\\/www.downcentar.hr\\\/wp-content\\\/uploads\\\/2016\\\/04\\\/IMG_3643.jpg?fit=578%2C434&ssl=1\",\"thumb\":\"https:\\\/\\\/i0.wp.com\\\/www.downcentar.hr\\\/wp-content\\\/uploads\\\/2016\\\/04\\\/IMG_3643.jpg?resize=150%2C150&ssl=1\",\"title\":\"IMG_3643\",\"description\":\"\"},{\"image\":\"https:\\\/\\\/i0.wp.com\\\/www.downcentar.hr\\\/wp-content\\\/uploads\\\/2016\\\/04\\\/IMG_3644.jpg?fit=578%2C434&ssl=1\",\"big\":\"https:\\\/\\\/i0.wp.com\\\/www.downcentar.hr\\\/wp-content\\\/uploads\\\/2016\\\/04\\\/IMG_3644.jpg?fit=578%2C434&ssl=1\",\"thumb\":\"https:\\\/\\\/i0.wp.com\\\/www.downcentar.hr\\\/wp-content\\\/uploads\\\/2016\\\/04\\\/IMG_3644.jpg?resize=150%2C150&ssl=1\",\"title\":\"IMG_3644\",\"description\":\"\"}],\"width\":\"auto\",\"height\":0.7600000000000000088817841970012523233890533447265625,\"autoplay\":false,\"transition\":\"slide\",\"initialTransition\":\"fade\",\"transitionSpeed\":0,\"_delayTime\":4000,\"_hideControls\":false,\"_thumbnailMode\":\"grid\",\"_captionMode\":\"on_expand\"}); });<\/script>\n<p>Prijatelji iz \u0161kole za Odgoj i obrazovanje Pula na bazenu&#8230;)<\/p>\n","protected":false},"excerpt":{"rendered":"<p>Prijatelji iz \u0161kole za Odgoj i obrazovanje Pula na bazenu&#8230;)<\/p>\n","protected":false},"author":1,"featured_media":2030,"comment_status":"open","ping_status":"open","sticky":false,"template":"","format":"standard","meta":{"pgc_sgb_lightbox_settings":"","jetpack_post_was_ever_published":false,"_jetpack_newsletter_access":"","_jetpack_newsletter_tier_id":0,"footnotes":"","jetpack_publicize_message":"","jetpack_is_tweetstorm":false,"jetpack_publicize_feature_enabled":true,"jetpack_social_post_already_shared":true,"jetpack_social_options":{"image_generator_settings":{"template":"highway","enabled":false}}},"categories":[2],"tags":[],"jetpack_publicize_connections":[],"aioseo_notices":[],"jetpack_featured_media_url":"https:\/\/i0.wp.com\/www.downcentar.hr\/wp-content\/uploads\/2016\/04\/IMG_3642.jpg?fit=764%2C573&ssl=1","jetpack_sharing_enabled":true,"jetpack_shortlink":"https:\/\/wp.me\/p78Mt7-wC","jetpack-related-posts":[{"id":3031,"url":"https:\/\/www.downcentar.hr\/hr\/2016\/07\/02\/prijatelji-iz-zagorja\/","url_meta":{"origin":2022,"position":0},"title":"PRIJATELJI IZ ZAGORJA&#8230;","author":"admin","date":"02\/07\/2016","format":false,"excerpt":"PRIJATELJI IZ ZAGORJA U DSC PULA...","rel":"","context":"U &quot;Novosti&quot;","block_context":{"text":"Novosti","link":"https:\/\/www.downcentar.hr\/hr\/category\/novosti\/"},"img":{"alt_text":"","src":"https:\/\/i0.wp.com\/www.downcentar.hr\/wp-content\/uploads\/2016\/07\/IMG_7148.jpg?fit=800%2C600&ssl=1&resize=350%2C200","width":350,"height":200,"srcset":"https:\/\/i0.wp.com\/www.downcentar.hr\/wp-content\/uploads\/2016\/07\/IMG_7148.jpg?fit=800%2C600&ssl=1&resize=350%2C200 1x, https:\/\/i0.wp.com\/www.downcentar.hr\/wp-content\/uploads\/2016\/07\/IMG_7148.jpg?fit=800%2C600&ssl=1&resize=525%2C300 1.5x, https:\/\/i0.wp.com\/www.downcentar.hr\/wp-content\/uploads\/2016\/07\/IMG_7148.jpg?fit=800%2C600&ssl=1&resize=700%2C400 2x"},"classes":[]},{"id":440,"url":"https:\/\/www.downcentar.hr\/hr\/2016\/01\/21\/sandra-ekipa-i-naj-muffni\/","url_meta":{"origin":2022,"position":1},"title":"Sandra, ekipa i naj&#8230; Muffni","author":"admin","date":"21\/01\/2016","format":false,"excerpt":"Stigla je na\u0161a naj razrednica iz Rovinja Sandra, Toni i prijatelji....pe\u0107i \u0107emo naj muffine na svijetu...u slast!!!!!","rel":"","context":"U &quot;Novosti&quot;","block_context":{"text":"Novosti","link":"https:\/\/www.downcentar.hr\/hr\/category\/novosti\/"},"img":{"alt_text":"","src":"https:\/\/i0.wp.com\/www.downcentar.hr\/wp-content\/uploads\/2016\/01\/12523128_871335372965315_7033776426486579275_n.jpg?fit=640%2C480&ssl=1&resize=350%2C200","width":350,"height":200,"srcset":"https:\/\/i0.wp.com\/www.downcentar.hr\/wp-content\/uploads\/2016\/01\/12523128_871335372965315_7033776426486579275_n.jpg?fit=640%2C480&ssl=1&resize=350%2C200 1x, https:\/\/i0.wp.com\/www.downcentar.hr\/wp-content\/uploads\/2016\/01\/12523128_871335372965315_7033776426486579275_n.jpg?fit=640%2C480&ssl=1&resize=525%2C300 1.5x"},"classes":[]},{"id":4364,"url":"https:\/\/www.downcentar.hr\/hr\/2017\/07\/18\/obavijest-2\/","url_meta":{"origin":2022,"position":2},"title":"Obavijest","author":"admin","date":"18\/07\/2017","format":false,"excerpt":"\"Dragi prijatelji, Dobili smo informaciju da odre\u0111eni pojedinci u na\u0161e ime po gradu Puli dijele\/prodaju bojanke za djecu. Obavije\u0161tavamo Vas da Down syndrom Centar Pula nema nikakve veze s tim aktivnostima. Hvala i pozdrav!\"","rel":"","context":"U &quot;Novosti&quot;","block_context":{"text":"Novosti","link":"https:\/\/www.downcentar.hr\/hr\/category\/novosti\/"},"img":{"alt_text":"","src":"https:\/\/i0.wp.com\/www.downcentar.hr\/wp-content\/uploads\/2017\/07\/obavijest.jpg?fit=885%2C350&ssl=1&resize=350%2C200","width":350,"height":200,"srcset":"https:\/\/i0.wp.com\/www.downcentar.hr\/wp-content\/uploads\/2017\/07\/obavijest.jpg?fit=885%2C350&ssl=1&resize=350%2C200 1x, https:\/\/i0.wp.com\/www.downcentar.hr\/wp-content\/uploads\/2017\/07\/obavijest.jpg?fit=885%2C350&ssl=1&resize=525%2C300 1.5x, https:\/\/i0.wp.com\/www.downcentar.hr\/wp-content\/uploads\/2017\/07\/obavijest.jpg?fit=885%2C350&ssl=1&resize=700%2C400 2x"},"classes":[]},{"id":1245,"url":"https:\/\/www.downcentar.hr\/hr\/2016\/03\/09\/dv-more\/","url_meta":{"origin":2022,"position":3},"title":"DV MORE&#8230; :)","author":"admin","date":"09\/03\/2016","format":false,"excerpt":"DV MOORE - PRIJATELJI IZ DV MORE NA INTEGRACIJI ... :)","rel":"","context":"U &quot;Novosti&quot;","block_context":{"text":"Novosti","link":"https:\/\/www.downcentar.hr\/hr\/category\/novosti\/"},"img":{"alt_text":"","src":"https:\/\/i0.wp.com\/www.downcentar.hr\/wp-content\/uploads\/2016\/03\/IMG_2317.jpg?fit=788%2C591&ssl=1&resize=350%2C200","width":350,"height":200,"srcset":"https:\/\/i0.wp.com\/www.downcentar.hr\/wp-content\/uploads\/2016\/03\/IMG_2317.jpg?fit=788%2C591&ssl=1&resize=350%2C200 1x, https:\/\/i0.wp.com\/www.downcentar.hr\/wp-content\/uploads\/2016\/03\/IMG_2317.jpg?fit=788%2C591&ssl=1&resize=525%2C300 1.5x, https:\/\/i0.wp.com\/www.downcentar.hr\/wp-content\/uploads\/2016\/03\/IMG_2317.jpg?fit=788%2C591&ssl=1&resize=700%2C400 2x"},"classes":[]},{"id":4483,"url":"https:\/\/www.downcentar.hr\/hr\/2017\/10\/27\/pomozite-nam-svojim-lajkovima\/","url_meta":{"origin":2022,"position":4},"title":"Pomozite nam svojim lajkovima&#8230;","author":"admin","date":"27\/10\/2017","format":false,"excerpt":"Dragi prijatelji prijavili smo projekt na natje\u010daj zaklade Reach for Change Croatia i Tele2. Molimo Vas otvorite album koji dijelimo, u albumu kliknite na sliku Down Sindrom Centra Pula i svojim lajkom pomozite da pro\u0111emo dalje. I vi dijelite album i pozovite svoje prijatelje da lajkaju! Hvala LINK","rel":"","context":"U &quot;Novosti&quot;","block_context":{"text":"Novosti","link":"https:\/\/www.downcentar.hr\/hr\/category\/novosti\/"},"img":{"alt_text":"","src":"https:\/\/i0.wp.com\/www.downcentar.hr\/wp-content\/uploads\/2017\/10\/logo-veci-face-dsc-pula.png?fit=960%2C511&ssl=1&resize=350%2C200","width":350,"height":200,"srcset":"https:\/\/i0.wp.com\/www.downcentar.hr\/wp-content\/uploads\/2017\/10\/logo-veci-face-dsc-pula.png?fit=960%2C511&ssl=1&resize=350%2C200 1x, https:\/\/i0.wp.com\/www.downcentar.hr\/wp-content\/uploads\/2017\/10\/logo-veci-face-dsc-pula.png?fit=960%2C511&ssl=1&resize=525%2C300 1.5x, https:\/\/i0.wp.com\/www.downcentar.hr\/wp-content\/uploads\/2017\/10\/logo-veci-face-dsc-pula.png?fit=960%2C511&ssl=1&resize=700%2C400 2x"},"classes":[]},{"id":5439,"url":"https:\/\/www.downcentar.hr\/hr\/2024\/10\/15\/dsc-pula-mjesto-dobre-prakse\/","url_meta":{"origin":2022,"position":5},"title":"DSC Pula \u2013 mjesto dobre prakse","author":"admin","date":"15\/10\/2024","format":false,"excerpt":"Ve\u0107 drugu godinu za redom u\u010denici Srednje medicinske \u0161kole u Puli dio svoje klini\u010dke nastave provode u Down syndrom centru Pula. Radujemo se da su na\u0161 Centar prepoznali kao mjesto dobre prakse gdje bi mogli ste\u0107i \u0161iroku lepezu interdisciplinarnih kompetencija koje \u0107e im pomo\u0107i u daljnjem obrazovanju ali i cjelokupnom\u2026","rel":"","context":"U &quot;Novosti&quot;","block_context":{"text":"Novosti","link":"https:\/\/www.downcentar.hr\/hr\/category\/novosti\/"},"img":{"alt_text":"","src":"https:\/\/i0.wp.com\/www.downcentar.hr\/wp-content\/uploads\/2024\/10\/1728993038224.jpg?fit=1200%2C677&ssl=1&resize=350%2C200","width":350,"height":200,"srcset":"https:\/\/i0.wp.com\/www.downcentar.hr\/wp-content\/uploads\/2024\/10\/1728993038224.jpg?fit=1200%2C677&ssl=1&resize=350%2C200 1x, https:\/\/i0.wp.com\/www.downcentar.hr\/wp-content\/uploads\/2024\/10\/1728993038224.jpg?fit=1200%2C677&ssl=1&resize=525%2C300 1.5x, https:\/\/i0.wp.com\/www.downcentar.hr\/wp-content\/uploads\/2024\/10\/1728993038224.jpg?fit=1200%2C677&ssl=1&resize=700%2C400 2x, https:\/\/i0.wp.com\/www.downcentar.hr\/wp-content\/uploads\/2024\/10\/1728993038224.jpg?fit=1200%2C677&ssl=1&resize=1050%2C600 3x"},"classes":[]}],"_links":{"self":[{"href":"https:\/\/www.downcentar.hr\/hr\/wp-json\/wp\/v2\/posts\/2022"}],"collection":[{"href":"https:\/\/www.downcentar.hr\/hr\/wp-json\/wp\/v2\/posts"}],"about":[{"href":"https:\/\/www.downcentar.hr\/hr\/wp-json\/wp\/v2\/types\/post"}],"author":[{"embeddable":true,"href":"https:\/\/www.downcentar.hr\/hr\/wp-json\/wp\/v2\/users\/1"}],"replies":[{"embeddable":true,"href":"https:\/\/www.downcentar.hr\/hr\/wp-json\/wp\/v2\/comments?post=2022"}],"version-history":[{"count":0,"href":"https:\/\/www.downcentar.hr\/hr\/wp-json\/wp\/v2\/posts\/2022\/revisions"}],"wp:featuredmedia":[{"embeddable":true,"href":"https:\/\/www.downcentar.hr\/hr\/wp-json\/wp\/v2\/media\/2030"}],"wp:attachment":[{"href":"https:\/\/www.downcentar.hr\/hr\/wp-json\/wp\/v2\/media?parent=2022"}],"wp:term":[{"taxonomy":"category","embeddable":true,"href":"https:\/\/www.downcentar.hr\/hr\/wp-json\/wp\/v2\/categories?post=2022"},{"taxonomy":"post_tag","embeddable":true,"href":"https:\/\/www.downcentar.hr\/hr\/wp-json\/wp\/v2\/tags?post=2022"}],"curies":[{"name":"wp","href":"https:\/\/api.w.org\/{rel}","templated":true}]}}