{"id":2044,"date":"2016-04-06T20:20:00","date_gmt":"2016-04-06T19:20:00","guid":{"rendered":"http:\/\/www.downcentar.hr\/?p=2044"},"modified":"2016-04-06T20:29:36","modified_gmt":"2016-04-06T19:29:36","slug":"objavljeni-termini-za-2017-godinu","status":"publish","type":"post","link":"https:\/\/www.downcentar.hr\/hr\/2016\/04\/06\/objavljeni-termini-za-2017-godinu\/","title":{"rendered":"Objavljeni termini za 2017.godinu"},"content":{"rendered":"<p><img loading=\"lazy\" decoding=\"async\" data-attachment-id=\"2046\" data-permalink=\"https:\/\/www.downcentar.hr\/hr\/2016\/04\/06\/objavljeni-termini-za-2017-godinu\/dsc-pula-foto\/\" data-orig-file=\"https:\/\/i0.wp.com\/www.downcentar.hr\/wp-content\/uploads\/2016\/04\/dsc-pula-foto.jpg?fit=800%2C533&amp;ssl=1\" data-orig-size=\"800,533\" data-comments-opened=\"1\" data-image-meta=\"{&quot;aperture&quot;:&quot;0&quot;,&quot;credit&quot;:&quot;&quot;,&quot;camera&quot;:&quot;&quot;,&quot;caption&quot;:&quot;&quot;,&quot;created_timestamp&quot;:&quot;0&quot;,&quot;copyright&quot;:&quot;&quot;,&quot;focal_length&quot;:&quot;0&quot;,&quot;iso&quot;:&quot;0&quot;,&quot;shutter_speed&quot;:&quot;0&quot;,&quot;title&quot;:&quot;&quot;,&quot;orientation&quot;:&quot;0&quot;}\" data-image-title=\"dsc-pula-foto\" data-image-description=\"\" data-image-caption=\"\" data-medium-file=\"https:\/\/i0.wp.com\/www.downcentar.hr\/wp-content\/uploads\/2016\/04\/dsc-pula-foto.jpg?fit=300%2C200&amp;ssl=1\" data-large-file=\"https:\/\/i0.wp.com\/www.downcentar.hr\/wp-content\/uploads\/2016\/04\/dsc-pula-foto.jpg?fit=578%2C385&amp;ssl=1\" class=\"size-full wp-image-2046 aligncenter\" src=\"https:\/\/i0.wp.com\/www.downcentar.hr\/wp-content\/uploads\/2016\/04\/dsc-pula-foto.jpg?resize=578%2C385\" alt=\"dsc-pula-foto\" width=\"578\" height=\"385\" srcset=\"https:\/\/i0.wp.com\/www.downcentar.hr\/wp-content\/uploads\/2016\/04\/dsc-pula-foto.jpg?w=800&amp;ssl=1 800w, https:\/\/i0.wp.com\/www.downcentar.hr\/wp-content\/uploads\/2016\/04\/dsc-pula-foto.jpg?resize=300%2C200&amp;ssl=1 300w, https:\/\/i0.wp.com\/www.downcentar.hr\/wp-content\/uploads\/2016\/04\/dsc-pula-foto.jpg?resize=768%2C512&amp;ssl=1 768w\" sizes=\"(max-width: 578px) 100vw, 578px\" data-recalc-dims=\"1\" \/><\/p>\n<p>Dragi svi, na web stranici je objavljen raspored rehabilitacijskih termina za 2017.godinu, obzirom da je 2016.godina uglavnom ve\u0107 popunjena.<br \/>\nMolimo sve roditelje da, za sada, ZA 2017. PRIJAVLJUJU SAMO PO JEDAN REHABILITACIJSKI TERMIN. Hvala na razumijevanju!<\/p>\n<p>Rehabilitacijske termine mo\u017eete pogledati <strong><a href=\"http:\/\/www.downcentar.hr\/termini-rezervacija\/\">OVDJE<\/a><\/strong><\/p>\n","protected":false},"excerpt":{"rendered":"<p>Dragi svi, na web stranici je objavljen raspored rehabilitacijskih termina za 2017.godinu, obzirom da je 2016.godina uglavnom ve\u0107 popunjena. Molimo sve roditelje da, za sada, ZA 2017. PRIJAVLJUJU SAMO PO JEDAN REHABILITACIJSKI TERMIN. Hvala na razumijevanju! Rehabilitacijske termine mo\u017eete pogledati OVDJE<\/p>\n","protected":false},"author":1,"featured_media":2046,"comment_status":"open","ping_status":"open","sticky":false,"template":"","format":"standard","meta":{"pgc_sgb_lightbox_settings":"","jetpack_post_was_ever_published":false,"_jetpack_newsletter_access":"","_jetpack_newsletter_tier_id":0,"footnotes":"","jetpack_publicize_message":"","jetpack_is_tweetstorm":false,"jetpack_publicize_feature_enabled":true,"jetpack_social_post_already_shared":true,"jetpack_social_options":{"image_generator_settings":{"template":"highway","enabled":false}}},"categories":[2],"tags":[],"jetpack_publicize_connections":[],"aioseo_notices":[],"jetpack_featured_media_url":"https:\/\/i0.wp.com\/www.downcentar.hr\/wp-content\/uploads\/2016\/04\/dsc-pula-foto.jpg?fit=800%2C533&ssl=1","jetpack_sharing_enabled":true,"jetpack_shortlink":"https:\/\/wp.me\/p78Mt7-wY","jetpack-related-posts":[{"id":5243,"url":"https:\/\/www.downcentar.hr\/hr\/2019\/07\/30\/rehabilitacijski-termini-za-2020-god\/","url_meta":{"origin":2044,"position":0},"title":"Rehabilitacijski termini za 2020. god.","author":"admin","date":"30\/07\/2019","format":false,"excerpt":"Rehabilitacijski termini za 2020. godinu - prva polovica godine","rel":"","context":"U &quot;Novosti&quot;","block_context":{"text":"Novosti","link":"https:\/\/www.downcentar.hr\/hr\/category\/novosti\/"},"img":{"alt_text":"","src":"https:\/\/i0.wp.com\/www.downcentar.hr\/wp-content\/uploads\/2017\/10\/logo-veci-face-dsc-pula.png?fit=960%2C511&ssl=1&resize=350%2C200","width":350,"height":200,"srcset":"https:\/\/i0.wp.com\/www.downcentar.hr\/wp-content\/uploads\/2017\/10\/logo-veci-face-dsc-pula.png?fit=960%2C511&ssl=1&resize=350%2C200 1x, https:\/\/i0.wp.com\/www.downcentar.hr\/wp-content\/uploads\/2017\/10\/logo-veci-face-dsc-pula.png?fit=960%2C511&ssl=1&resize=525%2C300 1.5x, https:\/\/i0.wp.com\/www.downcentar.hr\/wp-content\/uploads\/2017\/10\/logo-veci-face-dsc-pula.png?fit=960%2C511&ssl=1&resize=700%2C400 2x"},"classes":[]},{"id":5439,"url":"https:\/\/www.downcentar.hr\/hr\/2024\/10\/15\/dsc-pula-mjesto-dobre-prakse\/","url_meta":{"origin":2044,"position":1},"title":"DSC Pula \u2013 mjesto dobre prakse","author":"admin","date":"15\/10\/2024","format":false,"excerpt":"Ve\u0107 drugu godinu za redom u\u010denici Srednje medicinske \u0161kole u Puli dio svoje klini\u010dke nastave provode u Down syndrom centru Pula. Radujemo se da su na\u0161 Centar prepoznali kao mjesto dobre prakse gdje bi mogli ste\u0107i \u0161iroku lepezu interdisciplinarnih kompetencija koje \u0107e im pomo\u0107i u daljnjem obrazovanju ali i cjelokupnom\u2026","rel":"","context":"U &quot;Novosti&quot;","block_context":{"text":"Novosti","link":"https:\/\/www.downcentar.hr\/hr\/category\/novosti\/"},"img":{"alt_text":"","src":"https:\/\/i0.wp.com\/www.downcentar.hr\/wp-content\/uploads\/2024\/10\/1728993038224.jpg?fit=1200%2C677&ssl=1&resize=350%2C200","width":350,"height":200,"srcset":"https:\/\/i0.wp.com\/www.downcentar.hr\/wp-content\/uploads\/2024\/10\/1728993038224.jpg?fit=1200%2C677&ssl=1&resize=350%2C200 1x, https:\/\/i0.wp.com\/www.downcentar.hr\/wp-content\/uploads\/2024\/10\/1728993038224.jpg?fit=1200%2C677&ssl=1&resize=525%2C300 1.5x, https:\/\/i0.wp.com\/www.downcentar.hr\/wp-content\/uploads\/2024\/10\/1728993038224.jpg?fit=1200%2C677&ssl=1&resize=700%2C400 2x, https:\/\/i0.wp.com\/www.downcentar.hr\/wp-content\/uploads\/2024\/10\/1728993038224.jpg?fit=1200%2C677&ssl=1&resize=1050%2C600 3x"},"classes":[]},{"id":5454,"url":"https:\/\/www.downcentar.hr\/hr\/2025\/02\/03\/prijave-za-sudjelovanje-na-simpoziju-povodom-20-obljetnice-djelovanja-dsc-pula\/","url_meta":{"origin":2044,"position":2},"title":"Prijave za sudjelovanje na Simpoziju povodom 20. obljetnice djelovanja DSC Pula","author":"admin","date":"03\/02\/2025","format":false,"excerpt":"\u010cast nam je i zadovoljstvo objaviti program Simpozija i pozvati Vas da budete njegovim dionikom. Simpozij se odr\u017eava\u00a0pod pokroviteljstvom Ministarstva rada, mirovinskoga sustava, obitelji i socijalne politike, Istarske \u017eupanije i Grada Pule, te je kao takav podlo\u017ean\u00a0bodovanju Komora: HLK (aktivnim sudionicima dodijeljeno 9 bodova, a pasivnim 7 bodova); HKER (3\u2026","rel":"","context":"U &quot;Novosti&quot;","block_context":{"text":"Novosti","link":"https:\/\/www.downcentar.hr\/hr\/category\/novosti\/"},"img":{"alt_text":"","src":"https:\/\/i0.wp.com\/www.downcentar.hr\/wp-content\/uploads\/2025\/02\/web_stranica.jpg?fit=967%2C652&ssl=1&resize=350%2C200","width":350,"height":200,"srcset":"https:\/\/i0.wp.com\/www.downcentar.hr\/wp-content\/uploads\/2025\/02\/web_stranica.jpg?fit=967%2C652&ssl=1&resize=350%2C200 1x, https:\/\/i0.wp.com\/www.downcentar.hr\/wp-content\/uploads\/2025\/02\/web_stranica.jpg?fit=967%2C652&ssl=1&resize=525%2C300 1.5x, https:\/\/i0.wp.com\/www.downcentar.hr\/wp-content\/uploads\/2025\/02\/web_stranica.jpg?fit=967%2C652&ssl=1&resize=700%2C400 2x"},"classes":[]},{"id":4057,"url":"https:\/\/www.downcentar.hr\/hr\/2017\/03\/30\/u-europarlamentu-predstavljena-rehabilitacija-osoba-s-downovim-sindromom\/","url_meta":{"origin":2044,"position":3},"title":"U Europarlamentu predstavljena rehabilitacija osoba s Downovim sindromom","author":"admin","date":"30\/03\/2017","format":false,"excerpt":"Na poziv zastupnika Ivana Jakov\u010di\u0107a te zastupnica Dubravke \u0160uice i Ivane Maleti\u0107, Europski parlament su posjetili polaznici rehabilitacijskih programa Centra za Downov sindrom iz Pule. Nakon sudjelovanja na Konferenciji o multidisciplinarnoj rehabilitaciji osoba s Downovim sindromom, dvanaestoro polaznika pulskog Centra eurozastupnicima su u parlamentarnom kafi\u0107u poslu\u017eivali kavu i kola\u010de. Cijenjeni\u2026","rel":"","context":"U &quot;Novosti&quot;","block_context":{"text":"Novosti","link":"https:\/\/www.downcentar.hr\/hr\/category\/novosti\/"},"img":{"alt_text":"","src":"https:\/\/i0.wp.com\/www.downcentar.hr\/wp-content\/uploads\/2017\/03\/GO03354228.jpg?fit=643%2C320&ssl=1&resize=350%2C200","width":350,"height":200,"srcset":"https:\/\/i0.wp.com\/www.downcentar.hr\/wp-content\/uploads\/2017\/03\/GO03354228.jpg?fit=643%2C320&ssl=1&resize=350%2C200 1x, https:\/\/i0.wp.com\/www.downcentar.hr\/wp-content\/uploads\/2017\/03\/GO03354228.jpg?fit=643%2C320&ssl=1&resize=525%2C300 1.5x"},"classes":[]},{"id":4135,"url":"https:\/\/www.downcentar.hr\/hr\/2017\/03\/30\/konferencija-o-rehabilitaciji-osoba-s-downovim-sindromom\/","url_meta":{"origin":2044,"position":4},"title":"Konferencija o rehabilitaciji osoba s Downovim sindromom","author":"admin","date":"30\/03\/2017","format":false,"excerpt":"Na poziv hrvatskih zastupnika u Europskom parlamentu Dubravke \u0160uice, Ivane Maleti\u0107 i Ivana Jakov\u010di\u0107a te u suradnji s Centrom za rehabilitaciju za osobe s Downovim sindromom (DS) i njihove obitelji u Puli, u Bruxellesu je danas odr\u017eana konferencija pod naslovom \u201eVi\u0161edisciplinarna rehabilitacija osoba s Downovim sindromom - uvjet za integraciju\u201c.\u2026","rel":"","context":"U &quot;Novosti&quot;","block_context":{"text":"Novosti","link":"https:\/\/www.downcentar.hr\/hr\/category\/novosti\/"},"img":{"alt_text":"","src":"https:\/\/i0.wp.com\/www.downcentar.hr\/wp-content\/uploads\/2017\/03\/image2.jpg?fit=620%2C413&ssl=1&resize=350%2C200","width":350,"height":200,"srcset":"https:\/\/i0.wp.com\/www.downcentar.hr\/wp-content\/uploads\/2017\/03\/image2.jpg?fit=620%2C413&ssl=1&resize=350%2C200 1x, https:\/\/i0.wp.com\/www.downcentar.hr\/wp-content\/uploads\/2017\/03\/image2.jpg?fit=620%2C413&ssl=1&resize=525%2C300 1.5x"},"classes":[]},{"id":3475,"url":"https:\/\/www.downcentar.hr\/hr\/2016\/08\/17\/volonterski-kamp-nasicana-u-puli\/","url_meta":{"origin":2044,"position":5},"title":"Volonterski kamp Na\u0161i\u010dana u Puli","author":"admin","date":"17\/08\/2016","format":false,"excerpt":"O kampu, Puli, centru za rehabilitaciju i drugim doga\u0111ajima profesor An\u0111elko Cvijetovi\u0107 je za TV Na\u0161ice napisao nekoliko re\u010denica. \u201eS koncertom Parnog valjka i Akija u Areni, u pono\u0107 je okon\u010dan na\u0161 II. integracijski volonterski kamp u Centru za rehabilitaciju Down sindrom centru Pula! Hvala DSC Pula za ovaj zavr\u0161ni\u2026","rel":"","context":"U &quot;Novosti&quot;","block_context":{"text":"Novosti","link":"https:\/\/www.downcentar.hr\/hr\/category\/novosti\/"},"img":{"alt_text":"","src":"https:\/\/i0.wp.com\/www.downcentar.hr\/wp-content\/uploads\/2016\/08\/pula-otvoreno-srce-nasice7.jpg?fit=680%2C400&ssl=1&resize=350%2C200","width":350,"height":200,"srcset":"https:\/\/i0.wp.com\/www.downcentar.hr\/wp-content\/uploads\/2016\/08\/pula-otvoreno-srce-nasice7.jpg?fit=680%2C400&ssl=1&resize=350%2C200 1x, https:\/\/i0.wp.com\/www.downcentar.hr\/wp-content\/uploads\/2016\/08\/pula-otvoreno-srce-nasice7.jpg?fit=680%2C400&ssl=1&resize=525%2C300 1.5x"},"classes":[]}],"_links":{"self":[{"href":"https:\/\/www.downcentar.hr\/hr\/wp-json\/wp\/v2\/posts\/2044"}],"collection":[{"href":"https:\/\/www.downcentar.hr\/hr\/wp-json\/wp\/v2\/posts"}],"about":[{"href":"https:\/\/www.downcentar.hr\/hr\/wp-json\/wp\/v2\/types\/post"}],"author":[{"embeddable":true,"href":"https:\/\/www.downcentar.hr\/hr\/wp-json\/wp\/v2\/users\/1"}],"replies":[{"embeddable":true,"href":"https:\/\/www.downcentar.hr\/hr\/wp-json\/wp\/v2\/comments?post=2044"}],"version-history":[{"count":0,"href":"https:\/\/www.downcentar.hr\/hr\/wp-json\/wp\/v2\/posts\/2044\/revisions"}],"wp:featuredmedia":[{"embeddable":true,"href":"https:\/\/www.downcentar.hr\/hr\/wp-json\/wp\/v2\/media\/2046"}],"wp:attachment":[{"href":"https:\/\/www.downcentar.hr\/hr\/wp-json\/wp\/v2\/media?parent=2044"}],"wp:term":[{"taxonomy":"category","embeddable":true,"href":"https:\/\/www.downcentar.hr\/hr\/wp-json\/wp\/v2\/categories?post=2044"},{"taxonomy":"post_tag","embeddable":true,"href":"https:\/\/www.downcentar.hr\/hr\/wp-json\/wp\/v2\/tags?post=2044"}],"curies":[{"name":"wp","href":"https:\/\/api.w.org\/{rel}","templated":true}]}}