{"id":2092,"date":"2016-04-19T18:47:43","date_gmt":"2016-04-19T17:47:43","guid":{"rendered":"http:\/\/www.downcentar.hr\/?p=2092"},"modified":"2016-04-19T18:50:24","modified_gmt":"2016-04-19T17:50:24","slug":"u-zracnoj-luci-pula","status":"publish","type":"post","link":"https:\/\/www.downcentar.hr\/hr\/2016\/04\/19\/u-zracnoj-luci-pula\/","title":{"rendered":"..u zra\u010dnoj luci Pula&#8230;. :)"},"content":{"rendered":"<div id=\"amw_galleria_slideshow_1\" class=\"amw-galleria-slideshow\"><\/div>\n<script type=\"text\/javascript\">jQuery(document).ready(function(){ jQuery(\"#amw_galleria_slideshow_1\").galleria({\"dataSource\":[{\"image\":\"https:\\\/\\\/i0.wp.com\\\/www.downcentar.hr\\\/wp-content\\\/uploads\\\/2016\\\/04\\\/13020518_10208812890016497_647645913_n.jpg?fit=206%2C364&ssl=1\",\"big\":\"https:\\\/\\\/i0.wp.com\\\/www.downcentar.hr\\\/wp-content\\\/uploads\\\/2016\\\/04\\\/13020518_10208812890016497_647645913_n.jpg?fit=206%2C364&ssl=1\",\"thumb\":\"https:\\\/\\\/i0.wp.com\\\/www.downcentar.hr\\\/wp-content\\\/uploads\\\/2016\\\/04\\\/13020518_10208812890016497_647645913_n.jpg?resize=150%2C150&ssl=1\",\"title\":\"13020518_10208812890016497_647645913_n\",\"description\":\"\"},{\"image\":\"https:\\\/\\\/i0.wp.com\\\/www.downcentar.hr\\\/wp-content\\\/uploads\\\/2016\\\/04\\\/13022326_10208812890576511_1805602448_n.jpg?fit=206%2C364&ssl=1\",\"big\":\"https:\\\/\\\/i0.wp.com\\\/www.downcentar.hr\\\/wp-content\\\/uploads\\\/2016\\\/04\\\/13022326_10208812890576511_1805602448_n.jpg?fit=206%2C364&ssl=1\",\"thumb\":\"https:\\\/\\\/i0.wp.com\\\/www.downcentar.hr\\\/wp-content\\\/uploads\\\/2016\\\/04\\\/13022326_10208812890576511_1805602448_n.jpg?resize=150%2C150&ssl=1\",\"title\":\"13022326_10208812890576511_1805602448_n\",\"description\":\"\"},{\"image\":\"https:\\\/\\\/i0.wp.com\\\/www.downcentar.hr\\\/wp-content\\\/uploads\\\/2016\\\/04\\\/13023575_10208812890376506_1681462225_n.jpg?fit=543%2C960&ssl=1\",\"big\":\"https:\\\/\\\/i0.wp.com\\\/www.downcentar.hr\\\/wp-content\\\/uploads\\\/2016\\\/04\\\/13023575_10208812890376506_1681462225_n.jpg?fit=543%2C960&ssl=1\",\"thumb\":\"https:\\\/\\\/i0.wp.com\\\/www.downcentar.hr\\\/wp-content\\\/uploads\\\/2016\\\/04\\\/13023575_10208812890376506_1681462225_n.jpg?resize=150%2C150&ssl=1\",\"title\":\"13023575_10208812890376506_1681462225_n\",\"description\":\"\"},{\"image\":\"https:\\\/\\\/i0.wp.com\\\/www.downcentar.hr\\\/wp-content\\\/uploads\\\/2016\\\/04\\\/13059406_10208812890496509_321242450_n.jpg?fit=543%2C960&ssl=1\",\"big\":\"https:\\\/\\\/i0.wp.com\\\/www.downcentar.hr\\\/wp-content\\\/uploads\\\/2016\\\/04\\\/13059406_10208812890496509_321242450_n.jpg?fit=543%2C960&ssl=1\",\"thumb\":\"https:\\\/\\\/i0.wp.com\\\/www.downcentar.hr\\\/wp-content\\\/uploads\\\/2016\\\/04\\\/13059406_10208812890496509_321242450_n.jpg?resize=150%2C150&ssl=1\",\"title\":\"13059406_10208812890496509_321242450_n\",\"description\":\"\"}],\"width\":\"auto\",\"height\":0.7600000000000000088817841970012523233890533447265625,\"autoplay\":false,\"transition\":\"slide\",\"initialTransition\":\"fade\",\"transitionSpeed\":0,\"_delayTime\":4000,\"_hideControls\":false,\"_thumbnailMode\":\"grid\",\"_captionMode\":\"on_expand\"}); });<\/script>\n<p>U zra\u010dnoj luci Pula&#8230;. \ud83d\ude42<\/p>\n","protected":false},"excerpt":{"rendered":"<p>U zra\u010dnoj luci Pula&#8230;. \ud83d\ude42<\/p>\n","protected":false},"author":1,"featured_media":2094,"comment_status":"open","ping_status":"open","sticky":false,"template":"","format":"standard","meta":{"pgc_sgb_lightbox_settings":"","jetpack_post_was_ever_published":false,"_jetpack_newsletter_access":"","_jetpack_newsletter_tier_id":0,"footnotes":"","jetpack_publicize_message":"","jetpack_is_tweetstorm":false,"jetpack_publicize_feature_enabled":true,"jetpack_social_post_already_shared":true,"jetpack_social_options":{"image_generator_settings":{"template":"highway","enabled":false}}},"categories":[2],"tags":[],"jetpack_publicize_connections":[],"aioseo_notices":[],"jetpack_featured_media_url":"https:\/\/i0.wp.com\/www.downcentar.hr\/wp-content\/uploads\/2016\/04\/13022326_10208812890576511_1805602448_n.jpg?fit=206%2C364&ssl=1","jetpack_sharing_enabled":true,"jetpack_shortlink":"https:\/\/wp.me\/p78Mt7-xK","jetpack-related-posts":[{"id":1239,"url":"https:\/\/www.downcentar.hr\/hr\/2016\/03\/09\/ob-pula-mfr-seyssel-integracija-u-opcoj-bolnici-pula\/","url_meta":{"origin":2092,"position":0},"title":"OB PULA &#8211; MFR SEYSSEL INTEGRACIJA U OP\u0106OJ BOLNICI PULA","author":"admin","date":"09\/03\/2016","format":false,"excerpt":"OB PULA - MFR SEYSSEL INTEGRACIJA U OP\u0106OJ BOLNICI PULA","rel":"","context":"U &quot;Novosti&quot;","block_context":{"text":"Novosti","link":"https:\/\/www.downcentar.hr\/hr\/category\/novosti\/"},"img":{"alt_text":"","src":"https:\/\/i0.wp.com\/www.downcentar.hr\/wp-content\/uploads\/2016\/03\/IMG_1230.jpg?fit=640%2C480&ssl=1&resize=350%2C200","width":350,"height":200,"srcset":"https:\/\/i0.wp.com\/www.downcentar.hr\/wp-content\/uploads\/2016\/03\/IMG_1230.jpg?fit=640%2C480&ssl=1&resize=350%2C200 1x, https:\/\/i0.wp.com\/www.downcentar.hr\/wp-content\/uploads\/2016\/03\/IMG_1230.jpg?fit=640%2C480&ssl=1&resize=525%2C300 1.5x"},"classes":[]},{"id":1230,"url":"https:\/\/www.downcentar.hr\/hr\/2016\/03\/09\/mfr-vatr-integracija-mfr-seyssel-u-jvp-pula\/","url_meta":{"origin":2092,"position":1},"title":"MFR VATR &#8211; INTEGRACIJA MFR SEYSSEL U JVP PULA &#8230; :)","author":"admin","date":"09\/03\/2016","format":false,"excerpt":"MFR VATR - INTEGRACIJA MFR SEYSSEL U JVP PULA ... :)","rel":"","context":"U &quot;Novosti&quot;","block_context":{"text":"Novosti","link":"https:\/\/www.downcentar.hr\/hr\/category\/novosti\/"},"img":{"alt_text":"","src":"","width":0,"height":0},"classes":[]},{"id":2589,"url":"https:\/\/www.downcentar.hr\/hr\/2016\/05\/06\/druzenje-i-uzivancija-u-sijanskoj-sumi\/","url_meta":{"origin":2092,"position":2},"title":"&#8230;dru\u017eenje i u\u017eivancija u \u0160ijanskoj \u0161umi&#8230;:)))","author":"admin","date":"06\/05\/2016","format":false,"excerpt":"...dru\u017eenje i u\u017eivancija u \u0160ijanskoj \u0161umi...:)))","rel":"","context":"U &quot;Novosti&quot;","block_context":{"text":"Novosti","link":"https:\/\/www.downcentar.hr\/hr\/category\/novosti\/"},"img":{"alt_text":"","src":"https:\/\/i0.wp.com\/www.downcentar.hr\/wp-content\/uploads\/2016\/05\/13149882_10207782248546502_1542962961_n.jpg?fit=364%2C206&ssl=1&resize=350%2C200","width":350,"height":200},"classes":[]},{"id":934,"url":"https:\/\/www.downcentar.hr\/hr\/2016\/02\/12\/gabriel-mama\/","url_meta":{"origin":2092,"position":3},"title":"GABRIEL &#038; MAMA..:)))","author":"admin","date":"12\/02\/2016","format":false,"excerpt":"Gabriel & mama u DSC Pula, pogledajte vi\u0161e u fotogaleriji...","rel":"","context":"U &quot;Novosti&quot;","block_context":{"text":"Novosti","link":"https:\/\/www.downcentar.hr\/hr\/category\/novosti\/"},"img":{"alt_text":"","src":"https:\/\/i0.wp.com\/www.downcentar.hr\/wp-content\/uploads\/2016\/02\/IMG_0384.jpg?fit=788%2C591&ssl=1&resize=350%2C200","width":350,"height":200,"srcset":"https:\/\/i0.wp.com\/www.downcentar.hr\/wp-content\/uploads\/2016\/02\/IMG_0384.jpg?fit=788%2C591&ssl=1&resize=350%2C200 1x, https:\/\/i0.wp.com\/www.downcentar.hr\/wp-content\/uploads\/2016\/02\/IMG_0384.jpg?fit=788%2C591&ssl=1&resize=525%2C300 1.5x, https:\/\/i0.wp.com\/www.downcentar.hr\/wp-content\/uploads\/2016\/02\/IMG_0384.jpg?fit=788%2C591&ssl=1&resize=700%2C400 2x"},"classes":[]},{"id":980,"url":"https:\/\/www.downcentar.hr\/hr\/2016\/03\/02\/aleksandrin-rodendan\/","url_meta":{"origin":2092,"position":4},"title":"Aleksandrin ro\u0111endan :)","author":"admin","date":"02\/03\/2016","format":false,"excerpt":"Aleksandrin ro\u0111endan u DSC Pula. Kako je to izgledalo pogledajte u fotogaleriji...","rel":"","context":"U &quot;Novosti&quot;","block_context":{"text":"Novosti","link":"https:\/\/www.downcentar.hr\/hr\/category\/novosti\/"},"img":{"alt_text":"","src":"https:\/\/i0.wp.com\/www.downcentar.hr\/wp-content\/uploads\/2016\/03\/IMG_1630.jpg?fit=887%2C665&ssl=1&resize=350%2C200","width":350,"height":200,"srcset":"https:\/\/i0.wp.com\/www.downcentar.hr\/wp-content\/uploads\/2016\/03\/IMG_1630.jpg?fit=887%2C665&ssl=1&resize=350%2C200 1x, https:\/\/i0.wp.com\/www.downcentar.hr\/wp-content\/uploads\/2016\/03\/IMG_1630.jpg?fit=887%2C665&ssl=1&resize=525%2C300 1.5x, https:\/\/i0.wp.com\/www.downcentar.hr\/wp-content\/uploads\/2016\/03\/IMG_1630.jpg?fit=887%2C665&ssl=1&resize=700%2C400 2x"},"classes":[]},{"id":910,"url":"https:\/\/www.downcentar.hr\/hr\/2016\/02\/12\/luka-mama\/","url_meta":{"origin":2092,"position":5},"title":"LUKA &#038; MAMA..:)))","author":"admin","date":"12\/02\/2016","format":false,"excerpt":"Luka i Mama u Down Syndrome Centar Pula, kako je to izgledalo pogledajte vi\u0161e u fotogaleriji...","rel":"","context":"U &quot;Novosti&quot;","block_context":{"text":"Novosti","link":"https:\/\/www.downcentar.hr\/hr\/category\/novosti\/"},"img":{"alt_text":"","src":"https:\/\/i0.wp.com\/www.downcentar.hr\/wp-content\/uploads\/2016\/02\/IMG_1034.jpg?fit=764%2C573&ssl=1&resize=350%2C200","width":350,"height":200,"srcset":"https:\/\/i0.wp.com\/www.downcentar.hr\/wp-content\/uploads\/2016\/02\/IMG_1034.jpg?fit=764%2C573&ssl=1&resize=350%2C200 1x, https:\/\/i0.wp.com\/www.downcentar.hr\/wp-content\/uploads\/2016\/02\/IMG_1034.jpg?fit=764%2C573&ssl=1&resize=525%2C300 1.5x, https:\/\/i0.wp.com\/www.downcentar.hr\/wp-content\/uploads\/2016\/02\/IMG_1034.jpg?fit=764%2C573&ssl=1&resize=700%2C400 2x"},"classes":[]}],"_links":{"self":[{"href":"https:\/\/www.downcentar.hr\/hr\/wp-json\/wp\/v2\/posts\/2092"}],"collection":[{"href":"https:\/\/www.downcentar.hr\/hr\/wp-json\/wp\/v2\/posts"}],"about":[{"href":"https:\/\/www.downcentar.hr\/hr\/wp-json\/wp\/v2\/types\/post"}],"author":[{"embeddable":true,"href":"https:\/\/www.downcentar.hr\/hr\/wp-json\/wp\/v2\/users\/1"}],"replies":[{"embeddable":true,"href":"https:\/\/www.downcentar.hr\/hr\/wp-json\/wp\/v2\/comments?post=2092"}],"version-history":[{"count":0,"href":"https:\/\/www.downcentar.hr\/hr\/wp-json\/wp\/v2\/posts\/2092\/revisions"}],"wp:featuredmedia":[{"embeddable":true,"href":"https:\/\/www.downcentar.hr\/hr\/wp-json\/wp\/v2\/media\/2094"}],"wp:attachment":[{"href":"https:\/\/www.downcentar.hr\/hr\/wp-json\/wp\/v2\/media?parent=2092"}],"wp:term":[{"taxonomy":"category","embeddable":true,"href":"https:\/\/www.downcentar.hr\/hr\/wp-json\/wp\/v2\/categories?post=2092"},{"taxonomy":"post_tag","embeddable":true,"href":"https:\/\/www.downcentar.hr\/hr\/wp-json\/wp\/v2\/tags?post=2092"}],"curies":[{"name":"wp","href":"https:\/\/api.w.org\/{rel}","templated":true}]}}