{"id":2100,"date":"2016-04-21T10:41:57","date_gmt":"2016-04-21T09:41:57","guid":{"rendered":"http:\/\/www.downcentar.hr\/?p=2100"},"modified":"2016-04-21T10:41:57","modified_gmt":"2016-04-21T09:41:57","slug":"prijatelj-vice-kod-pape","status":"publish","type":"post","link":"https:\/\/www.downcentar.hr\/hr\/2016\/04\/21\/prijatelj-vice-kod-pape\/","title":{"rendered":"Prijatelj Vice kod Pape"},"content":{"rendered":"<div id=\"amw_galleria_slideshow_1\" class=\"amw-galleria-slideshow\"><\/div>\n<script type=\"text\/javascript\">jQuery(document).ready(function(){ jQuery(\"#amw_galleria_slideshow_1\").galleria({\"dataSource\":[{\"image\":\"https:\\\/\\\/i0.wp.com\\\/www.downcentar.hr\\\/wp-content\\\/uploads\\\/2016\\\/04\\\/received_10208824744552853.jpeg?fit=552%2C310&ssl=1\",\"big\":\"https:\\\/\\\/i0.wp.com\\\/www.downcentar.hr\\\/wp-content\\\/uploads\\\/2016\\\/04\\\/received_10208824744552853.jpeg?fit=552%2C310&ssl=1\",\"thumb\":\"https:\\\/\\\/i0.wp.com\\\/www.downcentar.hr\\\/wp-content\\\/uploads\\\/2016\\\/04\\\/received_10208824744552853.jpeg?resize=150%2C150&ssl=1\",\"title\":\"received_10208824744552853\",\"description\":\"\"},{\"image\":\"https:\\\/\\\/i0.wp.com\\\/www.downcentar.hr\\\/wp-content\\\/uploads\\\/2016\\\/04\\\/received_10208824744672856.jpeg?fit=552%2C310&ssl=1\",\"big\":\"https:\\\/\\\/i0.wp.com\\\/www.downcentar.hr\\\/wp-content\\\/uploads\\\/2016\\\/04\\\/received_10208824744672856.jpeg?fit=552%2C310&ssl=1\",\"thumb\":\"https:\\\/\\\/i0.wp.com\\\/www.downcentar.hr\\\/wp-content\\\/uploads\\\/2016\\\/04\\\/received_10208824744672856.jpeg?resize=150%2C150&ssl=1\",\"title\":\"received_10208824744672856\",\"description\":\"\"}],\"width\":\"auto\",\"height\":0.7600000000000000088817841970012523233890533447265625,\"autoplay\":false,\"transition\":\"slide\",\"initialTransition\":\"fade\",\"transitionSpeed\":0,\"_delayTime\":4000,\"_hideControls\":false,\"_thumbnailMode\":\"grid\",\"_captionMode\":\"on_expand\"}); });<\/script>\n<p>Prijatelj Vice kod Pape<\/p>\n","protected":false},"excerpt":{"rendered":"<p>Prijatelj Vice kod Pape<\/p>\n","protected":false},"author":1,"featured_media":2102,"comment_status":"open","ping_status":"open","sticky":false,"template":"","format":"standard","meta":{"pgc_sgb_lightbox_settings":"","jetpack_post_was_ever_published":false,"_jetpack_newsletter_access":"","_jetpack_newsletter_tier_id":0,"footnotes":"","jetpack_publicize_message":"","jetpack_is_tweetstorm":false,"jetpack_publicize_feature_enabled":true,"jetpack_social_post_already_shared":true,"jetpack_social_options":{"image_generator_settings":{"template":"highway","enabled":false}}},"categories":[2],"tags":[],"jetpack_publicize_connections":[],"aioseo_notices":[],"jetpack_featured_media_url":"https:\/\/i0.wp.com\/www.downcentar.hr\/wp-content\/uploads\/2016\/04\/received_10208824744672856.jpeg?fit=552%2C310&ssl=1","jetpack_sharing_enabled":true,"jetpack_shortlink":"https:\/\/wp.me\/p78Mt7-xS","jetpack-related-posts":[{"id":2167,"url":"https:\/\/www.downcentar.hr\/hr\/2016\/05\/02\/ekipa-kod-stipe-u-slatini\/","url_meta":{"origin":2100,"position":0},"title":"Ekipa kod Stipe u Slatini&#8230;:))","author":"admin","date":"02\/05\/2016","format":false,"excerpt":"Ekipa kod Stipe u Slatini...:))","rel":"","context":"U &quot;Novosti&quot;","block_context":{"text":"Novosti","link":"https:\/\/www.downcentar.hr\/hr\/category\/novosti\/"},"img":{"alt_text":"","src":"https:\/\/i0.wp.com\/www.downcentar.hr\/wp-content\/uploads\/2016\/05\/IMG_4107.jpg?fit=788%2C591&ssl=1&resize=350%2C200","width":350,"height":200,"srcset":"https:\/\/i0.wp.com\/www.downcentar.hr\/wp-content\/uploads\/2016\/05\/IMG_4107.jpg?fit=788%2C591&ssl=1&resize=350%2C200 1x, https:\/\/i0.wp.com\/www.downcentar.hr\/wp-content\/uploads\/2016\/05\/IMG_4107.jpg?fit=788%2C591&ssl=1&resize=525%2C300 1.5x, https:\/\/i0.wp.com\/www.downcentar.hr\/wp-content\/uploads\/2016\/05\/IMG_4107.jpg?fit=788%2C591&ssl=1&resize=700%2C400 2x"},"classes":[]},{"id":5509,"url":"https:\/\/www.downcentar.hr\/hr\/2025\/11\/04\/prijem-kod-predsjednika-republike-hrvatske\/","url_meta":{"origin":2100,"position":1},"title":"Prijem kod Predsjednika Republike Hrvatske","author":"admin","date":"04\/11\/2025","format":false,"excerpt":"U ponedjeljak, 27. listopada 2025. djelatnici, korisnici uz pratnju nekolicine roditelja\/skrbnika na\u0161ih korisnika, predvo\u0111eni v.d.ravnateljem Sre\u0107kom Butorcem posjetili su ured predsjednika Republike Hrvatske. Tijekom slu\u017ebenog prijema upoznali smo predsjednika Milanovi\u0107a s bogatom povije\u0161\u0107u i dosada\u0161njim radom DSC Pula, te ujedno predstavili i uslugu trajnog smje\u0161taja kao krunu dvadesetogodi\u0161njeg rada. Zahvalni\u2026","rel":"","context":"U &quot;Novosti&quot;","block_context":{"text":"Novosti","link":"https:\/\/www.downcentar.hr\/hr\/category\/novosti\/"},"img":{"alt_text":"","src":"https:\/\/i0.wp.com\/www.downcentar.hr\/wp-content\/uploads\/2025\/11\/20251027_113332.jpg?fit=1200%2C900&ssl=1&resize=350%2C200","width":350,"height":200,"srcset":"https:\/\/i0.wp.com\/www.downcentar.hr\/wp-content\/uploads\/2025\/11\/20251027_113332.jpg?fit=1200%2C900&ssl=1&resize=350%2C200 1x, https:\/\/i0.wp.com\/www.downcentar.hr\/wp-content\/uploads\/2025\/11\/20251027_113332.jpg?fit=1200%2C900&ssl=1&resize=525%2C300 1.5x, https:\/\/i0.wp.com\/www.downcentar.hr\/wp-content\/uploads\/2025\/11\/20251027_113332.jpg?fit=1200%2C900&ssl=1&resize=700%2C400 2x, https:\/\/i0.wp.com\/www.downcentar.hr\/wp-content\/uploads\/2025\/11\/20251027_113332.jpg?fit=1200%2C900&ssl=1&resize=1050%2C600 3x"},"classes":[]},{"id":4409,"url":"https:\/\/www.downcentar.hr\/hr\/2017\/10\/11\/mfr-urville-nacqueville-normandie\/","url_meta":{"origin":2100,"position":2},"title":"MFR Urville  &#8211; Nacqueville Normandie","author":"admin","date":"11\/10\/2017","format":false,"excerpt":"\u0160kola MFR Urville-Nacqueville Normandie ponovno kod nas u integraciji :)","rel":"","context":"U &quot;Novosti&quot;","block_context":{"text":"Novosti","link":"https:\/\/www.downcentar.hr\/hr\/category\/novosti\/"},"img":{"alt_text":"","src":"https:\/\/i0.wp.com\/www.downcentar.hr\/wp-content\/uploads\/2017\/10\/IMG_3851.jpg?fit=936%2C702&ssl=1&resize=350%2C200","width":350,"height":200,"srcset":"https:\/\/i0.wp.com\/www.downcentar.hr\/wp-content\/uploads\/2017\/10\/IMG_3851.jpg?fit=936%2C702&ssl=1&resize=350%2C200 1x, https:\/\/i0.wp.com\/www.downcentar.hr\/wp-content\/uploads\/2017\/10\/IMG_3851.jpg?fit=936%2C702&ssl=1&resize=525%2C300 1.5x, https:\/\/i0.wp.com\/www.downcentar.hr\/wp-content\/uploads\/2017\/10\/IMG_3851.jpg?fit=936%2C702&ssl=1&resize=700%2C400 2x"},"classes":[]},{"id":5263,"url":"https:\/\/www.downcentar.hr\/hr\/2019\/10\/26\/konferencija-hranom-do-zdravlja-u-osijeku\/","url_meta":{"origin":2100,"position":3},"title":"Konferencija &#8220;Hranom do zdravlja&#8221; u Osijeku","author":"admin","date":"26\/10\/2019","format":false,"excerpt":"Down sindrom centar je na poziv\u00a0doc.dr.sc. Maje Ergovi\u0107 Ravan\u010di\u0107, stu\u010dnjakinje za prehrambenu tehnologiju sa Veleu\u010dilista u Po\u017eegi i mame djevoj\u010dice Lucije sa Down sindromom, sudjelovao kao gost na me\u0111unarodnom znanstveno- stru\u010dnom skupu u Osijeku pod nazivom Hranom do zdravlja. G\u0111a Ergovi\u0107 Ravan\u010di\u0107 je odr\u017eala izrazito zanimljivo predavanje pod nazivom \u201cUpotreba\u2026","rel":"","context":"U &quot;Novosti&quot;","block_context":{"text":"Novosti","link":"https:\/\/www.downcentar.hr\/hr\/category\/novosti\/"},"img":{"alt_text":"","src":"https:\/\/i0.wp.com\/www.downcentar.hr\/wp-content\/uploads\/2019\/10\/3.jpg?fit=640%2C480&ssl=1&resize=350%2C200","width":350,"height":200,"srcset":"https:\/\/i0.wp.com\/www.downcentar.hr\/wp-content\/uploads\/2019\/10\/3.jpg?fit=640%2C480&ssl=1&resize=350%2C200 1x, https:\/\/i0.wp.com\/www.downcentar.hr\/wp-content\/uploads\/2019\/10\/3.jpg?fit=640%2C480&ssl=1&resize=525%2C300 1.5x"},"classes":[]},{"id":1888,"url":"https:\/\/www.downcentar.hr\/hr\/2016\/03\/24\/tamara\/","url_meta":{"origin":2100,"position":4},"title":"Tamara&#8230;:)","author":"admin","date":"24\/03\/2016","format":false,"excerpt":"","rel":"","context":"U &quot;Novosti&quot;","block_context":{"text":"Novosti","link":"https:\/\/www.downcentar.hr\/hr\/category\/novosti\/"},"img":{"alt_text":"","src":"https:\/\/i0.wp.com\/www.downcentar.hr\/wp-content\/uploads\/2016\/03\/IMG_2673.jpg?fit=788%2C591&ssl=1&resize=350%2C200","width":350,"height":200,"srcset":"https:\/\/i0.wp.com\/www.downcentar.hr\/wp-content\/uploads\/2016\/03\/IMG_2673.jpg?fit=788%2C591&ssl=1&resize=350%2C200 1x, https:\/\/i0.wp.com\/www.downcentar.hr\/wp-content\/uploads\/2016\/03\/IMG_2673.jpg?fit=788%2C591&ssl=1&resize=525%2C300 1.5x, https:\/\/i0.wp.com\/www.downcentar.hr\/wp-content\/uploads\/2016\/03\/IMG_2673.jpg?fit=788%2C591&ssl=1&resize=700%2C400 2x"},"classes":[]},{"id":1854,"url":"https:\/\/www.downcentar.hr\/hr\/2016\/03\/24\/luka\/","url_meta":{"origin":2100,"position":5},"title":"Luka &#8230;  :)","author":"admin","date":"24\/03\/2016","format":false,"excerpt":"Luka u DSC Pula ... :)","rel":"","context":"U &quot;Novosti&quot;","block_context":{"text":"Novosti","link":"https:\/\/www.downcentar.hr\/hr\/category\/novosti\/"},"img":{"alt_text":"","src":"https:\/\/i0.wp.com\/www.downcentar.hr\/wp-content\/uploads\/2016\/03\/IMG_2553.jpg?fit=750%2C563&ssl=1&resize=350%2C200","width":350,"height":200,"srcset":"https:\/\/i0.wp.com\/www.downcentar.hr\/wp-content\/uploads\/2016\/03\/IMG_2553.jpg?fit=750%2C563&ssl=1&resize=350%2C200 1x, https:\/\/i0.wp.com\/www.downcentar.hr\/wp-content\/uploads\/2016\/03\/IMG_2553.jpg?fit=750%2C563&ssl=1&resize=525%2C300 1.5x, https:\/\/i0.wp.com\/www.downcentar.hr\/wp-content\/uploads\/2016\/03\/IMG_2553.jpg?fit=750%2C563&ssl=1&resize=700%2C400 2x"},"classes":[]}],"_links":{"self":[{"href":"https:\/\/www.downcentar.hr\/hr\/wp-json\/wp\/v2\/posts\/2100"}],"collection":[{"href":"https:\/\/www.downcentar.hr\/hr\/wp-json\/wp\/v2\/posts"}],"about":[{"href":"https:\/\/www.downcentar.hr\/hr\/wp-json\/wp\/v2\/types\/post"}],"author":[{"embeddable":true,"href":"https:\/\/www.downcentar.hr\/hr\/wp-json\/wp\/v2\/users\/1"}],"replies":[{"embeddable":true,"href":"https:\/\/www.downcentar.hr\/hr\/wp-json\/wp\/v2\/comments?post=2100"}],"version-history":[{"count":0,"href":"https:\/\/www.downcentar.hr\/hr\/wp-json\/wp\/v2\/posts\/2100\/revisions"}],"wp:featuredmedia":[{"embeddable":true,"href":"https:\/\/www.downcentar.hr\/hr\/wp-json\/wp\/v2\/media\/2102"}],"wp:attachment":[{"href":"https:\/\/www.downcentar.hr\/hr\/wp-json\/wp\/v2\/media?parent=2100"}],"wp:term":[{"taxonomy":"category","embeddable":true,"href":"https:\/\/www.downcentar.hr\/hr\/wp-json\/wp\/v2\/categories?post=2100"},{"taxonomy":"post_tag","embeddable":true,"href":"https:\/\/www.downcentar.hr\/hr\/wp-json\/wp\/v2\/tags?post=2100"}],"curies":[{"name":"wp","href":"https:\/\/api.w.org\/{rel}","templated":true}]}}