{"id":3187,"date":"2016-07-08T20:40:40","date_gmt":"2016-07-08T19:40:40","guid":{"rendered":"http:\/\/www.downcentar.hr\/?p=3187"},"modified":"2016-07-08T20:40:40","modified_gmt":"2016-07-08T19:40:40","slug":"dubravka-i-mama","status":"publish","type":"post","link":"https:\/\/www.downcentar.hr\/hr\/2016\/07\/08\/dubravka-i-mama\/","title":{"rendered":"&#8230;DUBRAVKA I MAMA&#8230;:))"},"content":{"rendered":"<div id=\"amw_galleria_slideshow_1\" class=\"amw-galleria-slideshow\"><\/div>\n<script type=\"text\/javascript\">jQuery(document).ready(function(){ jQuery(\"#amw_galleria_slideshow_1\").galleria({\"dataSource\":[{\"image\":\"https:\\\/\\\/i0.wp.com\\\/www.downcentar.hr\\\/wp-content\\\/uploads\\\/2016\\\/07\\\/IMG_7203.jpg?fit=578%2C434&ssl=1\",\"big\":\"https:\\\/\\\/i0.wp.com\\\/www.downcentar.hr\\\/wp-content\\\/uploads\\\/2016\\\/07\\\/IMG_7203.jpg?fit=578%2C434&ssl=1\",\"thumb\":\"https:\\\/\\\/i0.wp.com\\\/www.downcentar.hr\\\/wp-content\\\/uploads\\\/2016\\\/07\\\/IMG_7203.jpg?resize=150%2C150&ssl=1\",\"title\":\"IMG_7203\",\"description\":\"\"},{\"image\":\"https:\\\/\\\/i0.wp.com\\\/www.downcentar.hr\\\/wp-content\\\/uploads\\\/2016\\\/07\\\/IMG_7204.jpg?fit=578%2C434&ssl=1\",\"big\":\"https:\\\/\\\/i0.wp.com\\\/www.downcentar.hr\\\/wp-content\\\/uploads\\\/2016\\\/07\\\/IMG_7204.jpg?fit=578%2C434&ssl=1\",\"thumb\":\"https:\\\/\\\/i0.wp.com\\\/www.downcentar.hr\\\/wp-content\\\/uploads\\\/2016\\\/07\\\/IMG_7204.jpg?resize=150%2C150&ssl=1\",\"title\":\"IMG_7204\",\"description\":\"\"},{\"image\":\"https:\\\/\\\/i0.wp.com\\\/www.downcentar.hr\\\/wp-content\\\/uploads\\\/2016\\\/07\\\/IMG_7206.jpg?fit=578%2C434&ssl=1\",\"big\":\"https:\\\/\\\/i0.wp.com\\\/www.downcentar.hr\\\/wp-content\\\/uploads\\\/2016\\\/07\\\/IMG_7206.jpg?fit=578%2C434&ssl=1\",\"thumb\":\"https:\\\/\\\/i0.wp.com\\\/www.downcentar.hr\\\/wp-content\\\/uploads\\\/2016\\\/07\\\/IMG_7206.jpg?resize=150%2C150&ssl=1\",\"title\":\"IMG_7206\",\"description\":\"\"},{\"image\":\"https:\\\/\\\/i0.wp.com\\\/www.downcentar.hr\\\/wp-content\\\/uploads\\\/2016\\\/07\\\/IMG_7221.jpg?fit=578%2C434&ssl=1\",\"big\":\"https:\\\/\\\/i0.wp.com\\\/www.downcentar.hr\\\/wp-content\\\/uploads\\\/2016\\\/07\\\/IMG_7221.jpg?fit=578%2C434&ssl=1\",\"thumb\":\"https:\\\/\\\/i0.wp.com\\\/www.downcentar.hr\\\/wp-content\\\/uploads\\\/2016\\\/07\\\/IMG_7221.jpg?resize=150%2C150&ssl=1\",\"title\":\"IMG_7221\",\"description\":\"\"},{\"image\":\"https:\\\/\\\/i0.wp.com\\\/www.downcentar.hr\\\/wp-content\\\/uploads\\\/2016\\\/07\\\/IMG_7224.jpg?fit=578%2C434&ssl=1\",\"big\":\"https:\\\/\\\/i0.wp.com\\\/www.downcentar.hr\\\/wp-content\\\/uploads\\\/2016\\\/07\\\/IMG_7224.jpg?fit=578%2C434&ssl=1\",\"thumb\":\"https:\\\/\\\/i0.wp.com\\\/www.downcentar.hr\\\/wp-content\\\/uploads\\\/2016\\\/07\\\/IMG_7224.jpg?resize=150%2C150&ssl=1\",\"title\":\"IMG_7224\",\"description\":\"\"},{\"image\":\"https:\\\/\\\/i0.wp.com\\\/www.downcentar.hr\\\/wp-content\\\/uploads\\\/2016\\\/07\\\/IMG_7232.jpg?fit=578%2C434&ssl=1\",\"big\":\"https:\\\/\\\/i0.wp.com\\\/www.downcentar.hr\\\/wp-content\\\/uploads\\\/2016\\\/07\\\/IMG_7232.jpg?fit=578%2C434&ssl=1\",\"thumb\":\"https:\\\/\\\/i0.wp.com\\\/www.downcentar.hr\\\/wp-content\\\/uploads\\\/2016\\\/07\\\/IMG_7232.jpg?resize=150%2C150&ssl=1\",\"title\":\"IMG_7232\",\"description\":\"\"},{\"image\":\"https:\\\/\\\/i0.wp.com\\\/www.downcentar.hr\\\/wp-content\\\/uploads\\\/2016\\\/07\\\/IMG_7233.jpg?fit=578%2C434&ssl=1\",\"big\":\"https:\\\/\\\/i0.wp.com\\\/www.downcentar.hr\\\/wp-content\\\/uploads\\\/2016\\\/07\\\/IMG_7233.jpg?fit=578%2C434&ssl=1\",\"thumb\":\"https:\\\/\\\/i0.wp.com\\\/www.downcentar.hr\\\/wp-content\\\/uploads\\\/2016\\\/07\\\/IMG_7233.jpg?resize=150%2C150&ssl=1\",\"title\":\"IMG_7233\",\"description\":\"\"},{\"image\":\"https:\\\/\\\/i0.wp.com\\\/www.downcentar.hr\\\/wp-content\\\/uploads\\\/2016\\\/07\\\/IMG_7235.jpg?fit=578%2C434&ssl=1\",\"big\":\"https:\\\/\\\/i0.wp.com\\\/www.downcentar.hr\\\/wp-content\\\/uploads\\\/2016\\\/07\\\/IMG_7235.jpg?fit=578%2C434&ssl=1\",\"thumb\":\"https:\\\/\\\/i0.wp.com\\\/www.downcentar.hr\\\/wp-content\\\/uploads\\\/2016\\\/07\\\/IMG_7235.jpg?resize=150%2C150&ssl=1\",\"title\":\"IMG_7235\",\"description\":\"\"},{\"image\":\"https:\\\/\\\/i0.wp.com\\\/www.downcentar.hr\\\/wp-content\\\/uploads\\\/2016\\\/07\\\/IMG_7236.jpg?fit=578%2C434&ssl=1\",\"big\":\"https:\\\/\\\/i0.wp.com\\\/www.downcentar.hr\\\/wp-content\\\/uploads\\\/2016\\\/07\\\/IMG_7236.jpg?fit=578%2C434&ssl=1\",\"thumb\":\"https:\\\/\\\/i0.wp.com\\\/www.downcentar.hr\\\/wp-content\\\/uploads\\\/2016\\\/07\\\/IMG_7236.jpg?resize=150%2C150&ssl=1\",\"title\":\"IMG_7236\",\"description\":\"\"},{\"image\":\"https:\\\/\\\/i0.wp.com\\\/www.downcentar.hr\\\/wp-content\\\/uploads\\\/2016\\\/07\\\/IMG_7245.jpg?fit=578%2C434&ssl=1\",\"big\":\"https:\\\/\\\/i0.wp.com\\\/www.downcentar.hr\\\/wp-content\\\/uploads\\\/2016\\\/07\\\/IMG_7245.jpg?fit=578%2C434&ssl=1\",\"thumb\":\"https:\\\/\\\/i0.wp.com\\\/www.downcentar.hr\\\/wp-content\\\/uploads\\\/2016\\\/07\\\/IMG_7245.jpg?resize=150%2C150&ssl=1\",\"title\":\"IMG_7245\",\"description\":\"\"},{\"image\":\"https:\\\/\\\/i0.wp.com\\\/www.downcentar.hr\\\/wp-content\\\/uploads\\\/2016\\\/07\\\/IMG_7246.jpg?fit=578%2C434&ssl=1\",\"big\":\"https:\\\/\\\/i0.wp.com\\\/www.downcentar.hr\\\/wp-content\\\/uploads\\\/2016\\\/07\\\/IMG_7246.jpg?fit=578%2C434&ssl=1\",\"thumb\":\"https:\\\/\\\/i0.wp.com\\\/www.downcentar.hr\\\/wp-content\\\/uploads\\\/2016\\\/07\\\/IMG_7246.jpg?resize=150%2C150&ssl=1\",\"title\":\"IMG_7246\",\"description\":\"\"},{\"image\":\"https:\\\/\\\/i0.wp.com\\\/www.downcentar.hr\\\/wp-content\\\/uploads\\\/2016\\\/07\\\/IMG_7279.jpg?fit=578%2C434&ssl=1\",\"big\":\"https:\\\/\\\/i0.wp.com\\\/www.downcentar.hr\\\/wp-content\\\/uploads\\\/2016\\\/07\\\/IMG_7279.jpg?fit=578%2C434&ssl=1\",\"thumb\":\"https:\\\/\\\/i0.wp.com\\\/www.downcentar.hr\\\/wp-content\\\/uploads\\\/2016\\\/07\\\/IMG_7279.jpg?resize=150%2C150&ssl=1\",\"title\":\"IMG_7279\",\"description\":\"\"},{\"image\":\"https:\\\/\\\/i0.wp.com\\\/www.downcentar.hr\\\/wp-content\\\/uploads\\\/2016\\\/07\\\/IMG_7288.jpg?fit=578%2C434&ssl=1\",\"big\":\"https:\\\/\\\/i0.wp.com\\\/www.downcentar.hr\\\/wp-content\\\/uploads\\\/2016\\\/07\\\/IMG_7288.jpg?fit=578%2C434&ssl=1\",\"thumb\":\"https:\\\/\\\/i0.wp.com\\\/www.downcentar.hr\\\/wp-content\\\/uploads\\\/2016\\\/07\\\/IMG_7288.jpg?resize=150%2C150&ssl=1\",\"title\":\"IMG_7288\",\"description\":\"\"},{\"image\":\"https:\\\/\\\/i0.wp.com\\\/www.downcentar.hr\\\/wp-content\\\/uploads\\\/2016\\\/07\\\/IMG_7289.jpg?fit=578%2C434&ssl=1\",\"big\":\"https:\\\/\\\/i0.wp.com\\\/www.downcentar.hr\\\/wp-content\\\/uploads\\\/2016\\\/07\\\/IMG_7289.jpg?fit=578%2C434&ssl=1\",\"thumb\":\"https:\\\/\\\/i0.wp.com\\\/www.downcentar.hr\\\/wp-content\\\/uploads\\\/2016\\\/07\\\/IMG_7289.jpg?resize=150%2C150&ssl=1\",\"title\":\"IMG_7289\",\"description\":\"\"},{\"image\":\"https:\\\/\\\/i0.wp.com\\\/www.downcentar.hr\\\/wp-content\\\/uploads\\\/2016\\\/07\\\/IMG_7295.jpg?fit=578%2C434&ssl=1\",\"big\":\"https:\\\/\\\/i0.wp.com\\\/www.downcentar.hr\\\/wp-content\\\/uploads\\\/2016\\\/07\\\/IMG_7295.jpg?fit=578%2C434&ssl=1\",\"thumb\":\"https:\\\/\\\/i0.wp.com\\\/www.downcentar.hr\\\/wp-content\\\/uploads\\\/2016\\\/07\\\/IMG_7295.jpg?resize=150%2C150&ssl=1\",\"title\":\"IMG_7295\",\"description\":\"\"},{\"image\":\"https:\\\/\\\/i0.wp.com\\\/www.downcentar.hr\\\/wp-content\\\/uploads\\\/2016\\\/07\\\/IMG_7351.jpg?fit=578%2C434&ssl=1\",\"big\":\"https:\\\/\\\/i0.wp.com\\\/www.downcentar.hr\\\/wp-content\\\/uploads\\\/2016\\\/07\\\/IMG_7351.jpg?fit=578%2C434&ssl=1\",\"thumb\":\"https:\\\/\\\/i0.wp.com\\\/www.downcentar.hr\\\/wp-content\\\/uploads\\\/2016\\\/07\\\/IMG_7351.jpg?resize=150%2C150&ssl=1\",\"title\":\"IMG_7351\",\"description\":\"\"}],\"width\":\"auto\",\"height\":0.7600000000000000088817841970012523233890533447265625,\"autoplay\":false,\"transition\":\"slide\",\"initialTransition\":\"fade\",\"transitionSpeed\":0,\"_delayTime\":4000,\"_hideControls\":false,\"_thumbnailMode\":\"grid\",\"_captionMode\":\"on_expand\"}); });<\/script>\n<p>Dubravka i mama u DSC Pula &#8230; \ud83d\ude42<\/p>\n","protected":false},"excerpt":{"rendered":"<p>Dubravka i mama u DSC Pula &#8230; \ud83d\ude42<\/p>\n","protected":false},"author":1,"featured_media":3189,"comment_status":"open","ping_status":"open","sticky":false,"template":"","format":"standard","meta":{"pgc_sgb_lightbox_settings":"","jetpack_post_was_ever_published":false,"_jetpack_newsletter_access":"","_jetpack_newsletter_tier_id":0,"footnotes":"","jetpack_publicize_message":"","jetpack_is_tweetstorm":false,"jetpack_publicize_feature_enabled":true,"jetpack_social_post_already_shared":true,"jetpack_social_options":{"image_generator_settings":{"template":"highway","enabled":false}}},"categories":[2],"tags":[],"jetpack_publicize_connections":[],"aioseo_notices":[],"jetpack_featured_media_url":"https:\/\/i0.wp.com\/www.downcentar.hr\/wp-content\/uploads\/2016\/07\/IMG_7204.jpg?fit=786%2C590&ssl=1","jetpack_sharing_enabled":true,"jetpack_shortlink":"https:\/\/wp.me\/p78Mt7-Pp","jetpack-related-posts":[{"id":4129,"url":"https:\/\/www.downcentar.hr\/hr\/2017\/03\/30\/zastupnica-dubravka-suica-otvara-konferenciju-multidisciplinary-rehabilitation-of-down-syndrome-the-condition-of-the-integration\/","url_meta":{"origin":3187,"position":0},"title":"Zastupnica Dubravka \u0160uica otvara konferenciju &#8220;Multidisciplinary rehabilitation of Down Syndrome &#8211; the condition of the integration&#8221;","author":"admin","date":"30\/03\/2017","format":false,"excerpt":"Zastupnica Dubravka \u0160uica otvara konferenciju \"Multidisciplinary rehabilitation of Down Syndrome - the condition of the integration\" koju u suradnji s Down Syndrome centar Pula organizira zajedno sa zastupnicom Ivana Maleti\u0107 i zastupnikom Ivan Jakov\u010di\u0107.","rel":"","context":"U &quot;Novosti&quot;","block_context":{"text":"Novosti","link":"https:\/\/www.downcentar.hr\/hr\/category\/novosti\/"},"img":{"alt_text":"","src":"https:\/\/i0.wp.com\/www.downcentar.hr\/wp-content\/uploads\/2017\/03\/parla-1.jpg?fit=960%2C960&ssl=1&resize=350%2C200","width":350,"height":200,"srcset":"https:\/\/i0.wp.com\/www.downcentar.hr\/wp-content\/uploads\/2017\/03\/parla-1.jpg?fit=960%2C960&ssl=1&resize=350%2C200 1x, https:\/\/i0.wp.com\/www.downcentar.hr\/wp-content\/uploads\/2017\/03\/parla-1.jpg?fit=960%2C960&ssl=1&resize=525%2C300 1.5x, https:\/\/i0.wp.com\/www.downcentar.hr\/wp-content\/uploads\/2017\/03\/parla-1.jpg?fit=960%2C960&ssl=1&resize=700%2C400 2x"},"classes":[]},{"id":4042,"url":"https:\/\/www.downcentar.hr\/hr\/2017\/03\/30\/clanovi-centra-down-syndrome-pula-stigli-u-dvodnevni-posjet-europskom-parlamentu\/","url_meta":{"origin":3187,"position":1},"title":"\u010clanovi centra Down Syndrome Pula stigli u dvodnevni posjet Europskom parlamentu","author":"admin","date":"30\/03\/2017","format":false,"excerpt":"\u010clanovi centra Down Syndrome Pula stigli su danas u dvodnevni posjet Europskom parlamentu na poziv zastupnica Dubravka Suica i Ivana Maleti\u0107 (EPP) i zastupnika Ivan Jakov\u010di\u0107 (ALDE). U tijeku je predavanje u EP-u o njegovom radu i funkcijama, dok \u0107e sutra biti odr\u017eana konferencija \"Multidisciplinary rehabilitation of Down Syndrome \u2013\u2026","rel":"","context":"U &quot;Novosti&quot;","block_context":{"text":"Novosti","link":"https:\/\/www.downcentar.hr\/hr\/category\/novosti\/"},"img":{"alt_text":"","src":"https:\/\/i0.wp.com\/www.downcentar.hr\/wp-content\/uploads\/2017\/03\/u-briselu.jpg?fit=1200%2C900&ssl=1&resize=350%2C200","width":350,"height":200,"srcset":"https:\/\/i0.wp.com\/www.downcentar.hr\/wp-content\/uploads\/2017\/03\/u-briselu.jpg?fit=1200%2C900&ssl=1&resize=350%2C200 1x, https:\/\/i0.wp.com\/www.downcentar.hr\/wp-content\/uploads\/2017\/03\/u-briselu.jpg?fit=1200%2C900&ssl=1&resize=525%2C300 1.5x, https:\/\/i0.wp.com\/www.downcentar.hr\/wp-content\/uploads\/2017\/03\/u-briselu.jpg?fit=1200%2C900&ssl=1&resize=700%2C400 2x, https:\/\/i0.wp.com\/www.downcentar.hr\/wp-content\/uploads\/2017\/03\/u-briselu.jpg?fit=1200%2C900&ssl=1&resize=1050%2C600 3x"},"classes":[]},{"id":3988,"url":"https:\/\/www.downcentar.hr\/hr\/2017\/03\/30\/u-europskom-parlamentu-ugosceni-sticenici-down-syndrome-centar-pula\/","url_meta":{"origin":3187,"position":2},"title":"U Europskom parlamentu ugo\u0161\u0107eni \u0161ti\u0107enici Down Syndrome Centar Pula","author":"admin","date":"30\/03\/2017","format":false,"excerpt":"U sije\u010dnju smo u Europskom parlamentu ugostili \u0161ti\u0107enike Down Syndrome Centar Pula koji su nam pokazali kako se uporno\u0161\u0107u i vrijednim radom mo\u017ee posti\u0107i puno i zahvaljuju\u0107i njima Hrvatska je uzor svima u EU. \u017delimo podi\u0107i svijest o va\u017enosti integracije osoba s Downovim sindromom i zato je na\u0161 cijeli ured\u2026","rel":"","context":"U &quot;Novosti&quot;","block_context":{"text":"Novosti","link":"https:\/\/www.downcentar.hr\/hr\/category\/novosti\/"},"img":{"alt_text":"","src":"https:\/\/i0.wp.com\/www.downcentar.hr\/wp-content\/uploads\/2017\/03\/eu-p-1.jpg?fit=1200%2C675&ssl=1&resize=350%2C200","width":350,"height":200,"srcset":"https:\/\/i0.wp.com\/www.downcentar.hr\/wp-content\/uploads\/2017\/03\/eu-p-1.jpg?fit=1200%2C675&ssl=1&resize=350%2C200 1x, https:\/\/i0.wp.com\/www.downcentar.hr\/wp-content\/uploads\/2017\/03\/eu-p-1.jpg?fit=1200%2C675&ssl=1&resize=525%2C300 1.5x, https:\/\/i0.wp.com\/www.downcentar.hr\/wp-content\/uploads\/2017\/03\/eu-p-1.jpg?fit=1200%2C675&ssl=1&resize=700%2C400 2x, https:\/\/i0.wp.com\/www.downcentar.hr\/wp-content\/uploads\/2017\/03\/eu-p-1.jpg?fit=1200%2C675&ssl=1&resize=1050%2C600 3x"},"classes":[]},{"id":4135,"url":"https:\/\/www.downcentar.hr\/hr\/2017\/03\/30\/konferencija-o-rehabilitaciji-osoba-s-downovim-sindromom\/","url_meta":{"origin":3187,"position":3},"title":"Konferencija o rehabilitaciji osoba s Downovim sindromom","author":"admin","date":"30\/03\/2017","format":false,"excerpt":"Na poziv hrvatskih zastupnika u Europskom parlamentu Dubravke \u0160uice, Ivane Maleti\u0107 i Ivana Jakov\u010di\u0107a te u suradnji s Centrom za rehabilitaciju za osobe s Downovim sindromom (DS) i njihove obitelji u Puli, u Bruxellesu je danas odr\u017eana konferencija pod naslovom \u201eVi\u0161edisciplinarna rehabilitacija osoba s Downovim sindromom - uvjet za integraciju\u201c.\u2026","rel":"","context":"U &quot;Novosti&quot;","block_context":{"text":"Novosti","link":"https:\/\/www.downcentar.hr\/hr\/category\/novosti\/"},"img":{"alt_text":"","src":"https:\/\/i0.wp.com\/www.downcentar.hr\/wp-content\/uploads\/2017\/03\/image2.jpg?fit=620%2C413&ssl=1&resize=350%2C200","width":350,"height":200,"srcset":"https:\/\/i0.wp.com\/www.downcentar.hr\/wp-content\/uploads\/2017\/03\/image2.jpg?fit=620%2C413&ssl=1&resize=350%2C200 1x, https:\/\/i0.wp.com\/www.downcentar.hr\/wp-content\/uploads\/2017\/03\/image2.jpg?fit=620%2C413&ssl=1&resize=525%2C300 1.5x"},"classes":[]},{"id":2624,"url":"https:\/\/www.downcentar.hr\/hr\/2016\/05\/06\/lovro-i-mama\/","url_meta":{"origin":3187,"position":4},"title":"Lovro i mama&#8230;:)))","author":"admin","date":"06\/05\/2016","format":false,"excerpt":"Lovro i mama...:)))","rel":"","context":"U &quot;Novosti&quot;","block_context":{"text":"Novosti","link":"https:\/\/www.downcentar.hr\/hr\/category\/novosti\/"},"img":{"alt_text":"","src":"https:\/\/i0.wp.com\/www.downcentar.hr\/wp-content\/uploads\/2016\/05\/IMG_4820.jpg?fit=788%2C591&ssl=1&resize=350%2C200","width":350,"height":200,"srcset":"https:\/\/i0.wp.com\/www.downcentar.hr\/wp-content\/uploads\/2016\/05\/IMG_4820.jpg?fit=788%2C591&ssl=1&resize=350%2C200 1x, https:\/\/i0.wp.com\/www.downcentar.hr\/wp-content\/uploads\/2016\/05\/IMG_4820.jpg?fit=788%2C591&ssl=1&resize=525%2C300 1.5x, https:\/\/i0.wp.com\/www.downcentar.hr\/wp-content\/uploads\/2016\/05\/IMG_4820.jpg?fit=788%2C591&ssl=1&resize=700%2C400 2x"},"classes":[]},{"id":3591,"url":"https:\/\/www.downcentar.hr\/hr\/2016\/09\/23\/boris-i-mama\/","url_meta":{"origin":3187,"position":5},"title":"Boris i mama &#8230; )","author":"admin","date":"23\/09\/2016","format":false,"excerpt":"Boris i mama u DSC Pula ... :)","rel":"","context":"U &quot;Novosti&quot;","block_context":{"text":"Novosti","link":"https:\/\/www.downcentar.hr\/hr\/category\/novosti\/"},"img":{"alt_text":"","src":"https:\/\/i0.wp.com\/www.downcentar.hr\/wp-content\/uploads\/2016\/09\/IMG_9627.jpg?fit=720%2C540&ssl=1&resize=350%2C200","width":350,"height":200,"srcset":"https:\/\/i0.wp.com\/www.downcentar.hr\/wp-content\/uploads\/2016\/09\/IMG_9627.jpg?fit=720%2C540&ssl=1&resize=350%2C200 1x, https:\/\/i0.wp.com\/www.downcentar.hr\/wp-content\/uploads\/2016\/09\/IMG_9627.jpg?fit=720%2C540&ssl=1&resize=525%2C300 1.5x, https:\/\/i0.wp.com\/www.downcentar.hr\/wp-content\/uploads\/2016\/09\/IMG_9627.jpg?fit=720%2C540&ssl=1&resize=700%2C400 2x"},"classes":[]}],"_links":{"self":[{"href":"https:\/\/www.downcentar.hr\/hr\/wp-json\/wp\/v2\/posts\/3187"}],"collection":[{"href":"https:\/\/www.downcentar.hr\/hr\/wp-json\/wp\/v2\/posts"}],"about":[{"href":"https:\/\/www.downcentar.hr\/hr\/wp-json\/wp\/v2\/types\/post"}],"author":[{"embeddable":true,"href":"https:\/\/www.downcentar.hr\/hr\/wp-json\/wp\/v2\/users\/1"}],"replies":[{"embeddable":true,"href":"https:\/\/www.downcentar.hr\/hr\/wp-json\/wp\/v2\/comments?post=3187"}],"version-history":[{"count":0,"href":"https:\/\/www.downcentar.hr\/hr\/wp-json\/wp\/v2\/posts\/3187\/revisions"}],"wp:featuredmedia":[{"embeddable":true,"href":"https:\/\/www.downcentar.hr\/hr\/wp-json\/wp\/v2\/media\/3189"}],"wp:attachment":[{"href":"https:\/\/www.downcentar.hr\/hr\/wp-json\/wp\/v2\/media?parent=3187"}],"wp:term":[{"taxonomy":"category","embeddable":true,"href":"https:\/\/www.downcentar.hr\/hr\/wp-json\/wp\/v2\/categories?post=3187"},{"taxonomy":"post_tag","embeddable":true,"href":"https:\/\/www.downcentar.hr\/hr\/wp-json\/wp\/v2\/tags?post=3187"}],"curies":[{"name":"wp","href":"https:\/\/api.w.org\/{rel}","templated":true}]}}