{"id":4038,"date":"2017-03-30T15:53:41","date_gmt":"2017-03-30T14:53:41","guid":{"rendered":"http:\/\/www.downcentar.hr\/?p=4038"},"modified":"2017-03-30T15:53:41","modified_gmt":"2017-03-30T14:53:41","slug":"na-49-stranici-mjesecnika-ivane-maletic-mozete-procitati-pricu-o-posjeti-centra-briselu-hvala-ivani-maletic-sto-misli-na-nas","status":"publish","type":"post","link":"https:\/\/www.downcentar.hr\/hr\/2017\/03\/30\/na-49-stranici-mjesecnika-ivane-maletic-mozete-procitati-pricu-o-posjeti-centra-briselu-hvala-ivani-maletic-sto-misli-na-nas\/","title":{"rendered":"NA 49. STRANICI MJESE\u010cNIKA IVANE MALETI\u0106 MO\u017dETE PRO\u010cITATI PRI\u010cU O POSJETI CENTRA BRISELU!!! HVALA IVANI MALETI\u0106 \u0160TO MISLI NA NAS!!!"},"content":{"rendered":"<div class=\"ead-preview\"><div class=\"ead-document\" style=\"position: relative;\"><div class=\"ead-iframe-wrapper\"><iframe src=\"\/\/docs.google.com\/viewer?url=http%3A%2F%2Fwww.downcentar.hr%2Fwp-content%2Fuploads%2F2017%2F03%2FIM22017.pdf&amp;embedded=true&amp;hl=en\" title=\"Embedded Document\" class=\"ead-iframe\" style=\"width: 100%;height: 1200px;border: none;visibility: hidden;\"><\/iframe><\/div>\t\t\t<div class=\"ead-document-loading\" style=\"width:100%;height:100%;position:absolute;left:0;top:0;z-index:10;\">\n\t\t\t\t<div class=\"ead-loading-wrap\">\n\t\t\t\t\t<div class=\"ead-loading-main\">\n\t\t\t\t\t\t<div class=\"ead-loading\">\n\t\t\t\t\t\t\t<img loading=\"lazy\" decoding=\"async\" src=\"https:\/\/www.downcentar.hr\/wp-content\/plugins\/embed-any-document\/images\/loading.svg\" width=\"55\" height=\"55\" alt=\"Loader\">\n\t\t\t\t\t\t\t<span>Loading...<\/span>\n\t\t\t\t\t\t<\/div>\n\t\t\t\t\t<\/div>\n\t\t\t\t\t<div class=\"ead-loading-foot\">\n\t\t\t\t\t\t<div class=\"ead-loading-foot-title\">\n\t\t\t\t\t\t\t<img loading=\"lazy\" decoding=\"async\" src=\"https:\/\/www.downcentar.hr\/wp-content\/plugins\/embed-any-document\/images\/EAD-logo.svg\" alt=\"EAD Logo\" width=\"36\" height=\"23\"\/>\n\t\t\t\t\t\t\t<span>Taking too long?<\/span>\n\t\t\t\t\t\t<\/div>\n\t\t\t\t\t\t<p>\n\t\t\t\t\t\t\t<div class=\"ead-document-btn ead-reload-btn\" role=\"button\">\n\t\t\t\t\t\t\t\t<img loading=\"lazy\" decoding=\"async\" src=\"https:\/\/www.downcentar.hr\/wp-content\/plugins\/embed-any-document\/images\/reload.svg\" alt=\"Reload\" width=\"12\" height=\"12\"\/> Reload document\t\t\t\t\t\t\t<\/div>\n\t\t\t\t\t\t\t<span>|<\/span>\n\t\t\t\t\t\t\t<a href=\"http:\/\/www.downcentar.hr\/wp-content\/uploads\/2017\/03\/IM22017.pdf\" class=\"ead-document-btn\" target=\"_blank\">\n\t\t\t\t\t\t\t\t<img loading=\"lazy\" decoding=\"async\" src=\"https:\/\/www.downcentar.hr\/wp-content\/plugins\/embed-any-document\/images\/open.svg\" alt=\"Open\" width=\"12\" height=\"12\"\/> Open in new tab\t\t\t\t\t\t\t<\/a>\n\t\t\t\t\t<\/div>\n\t\t\t\t<\/div>\n\t\t\t<\/div>\n\t\t<\/div><p class=\"embed_download\"><a href=\"http:\/\/www.downcentar.hr\/wp-content\/uploads\/2017\/03\/IM22017.pdf\" download >Preuzmi [2.36 MB] <\/a><\/p><\/div>\n","protected":false},"excerpt":{"rendered":"<p>Loading&#8230; Taking too long? Reload document | Open in new tab Preuzmi [2.36 MB]<\/p>\n","protected":false},"author":1,"featured_media":4040,"comment_status":"open","ping_status":"open","sticky":false,"template":"","format":"standard","meta":{"pgc_sgb_lightbox_settings":"","jetpack_post_was_ever_published":false,"_jetpack_newsletter_access":"","_jetpack_newsletter_tier_id":0,"footnotes":"","jetpack_publicize_message":"NA 49. STRANICI MJESE\u010cNIKA IVANE MALETI\u0106 MO\u017dETE PRO\u010cITATI PRI\u010cU O POSJETI CENTRA BRISELU!!! HVALA IVANI MALETI\u0106 \u0160TO MISLI NA NAS!!!","jetpack_is_tweetstorm":false,"jetpack_publicize_feature_enabled":true,"jetpack_social_post_already_shared":true,"jetpack_social_options":{"image_generator_settings":{"template":"highway","enabled":false}}},"categories":[2],"tags":[],"jetpack_publicize_connections":[],"aioseo_notices":[],"jetpack_featured_media_url":"https:\/\/i0.wp.com\/www.downcentar.hr\/wp-content\/uploads\/2017\/03\/maletic.jpg?fit=630%2C354&ssl=1","jetpack_sharing_enabled":true,"jetpack_shortlink":"https:\/\/wp.me\/p78Mt7-138","jetpack-related-posts":[{"id":4042,"url":"https:\/\/www.downcentar.hr\/hr\/2017\/03\/30\/clanovi-centra-down-syndrome-pula-stigli-u-dvodnevni-posjet-europskom-parlamentu\/","url_meta":{"origin":4038,"position":0},"title":"\u010clanovi centra Down Syndrome Pula stigli u dvodnevni posjet Europskom parlamentu","author":"admin","date":"30\/03\/2017","format":false,"excerpt":"\u010clanovi centra Down Syndrome Pula stigli su danas u dvodnevni posjet Europskom parlamentu na poziv zastupnica Dubravka Suica i Ivana Maleti\u0107 (EPP) i zastupnika Ivan Jakov\u010di\u0107 (ALDE). U tijeku je predavanje u EP-u o njegovom radu i funkcijama, dok \u0107e sutra biti odr\u017eana konferencija \"Multidisciplinary rehabilitation of Down Syndrome \u2013\u2026","rel":"","context":"U &quot;Novosti&quot;","block_context":{"text":"Novosti","link":"https:\/\/www.downcentar.hr\/hr\/category\/novosti\/"},"img":{"alt_text":"","src":"https:\/\/i0.wp.com\/www.downcentar.hr\/wp-content\/uploads\/2017\/03\/u-briselu.jpg?fit=1200%2C900&ssl=1&resize=350%2C200","width":350,"height":200,"srcset":"https:\/\/i0.wp.com\/www.downcentar.hr\/wp-content\/uploads\/2017\/03\/u-briselu.jpg?fit=1200%2C900&ssl=1&resize=350%2C200 1x, https:\/\/i0.wp.com\/www.downcentar.hr\/wp-content\/uploads\/2017\/03\/u-briselu.jpg?fit=1200%2C900&ssl=1&resize=525%2C300 1.5x, https:\/\/i0.wp.com\/www.downcentar.hr\/wp-content\/uploads\/2017\/03\/u-briselu.jpg?fit=1200%2C900&ssl=1&resize=700%2C400 2x, https:\/\/i0.wp.com\/www.downcentar.hr\/wp-content\/uploads\/2017\/03\/u-briselu.jpg?fit=1200%2C900&ssl=1&resize=1050%2C600 3x"},"classes":[]},{"id":4129,"url":"https:\/\/www.downcentar.hr\/hr\/2017\/03\/30\/zastupnica-dubravka-suica-otvara-konferenciju-multidisciplinary-rehabilitation-of-down-syndrome-the-condition-of-the-integration\/","url_meta":{"origin":4038,"position":1},"title":"Zastupnica Dubravka \u0160uica otvara konferenciju &#8220;Multidisciplinary rehabilitation of Down Syndrome &#8211; the condition of the integration&#8221;","author":"admin","date":"30\/03\/2017","format":false,"excerpt":"Zastupnica Dubravka \u0160uica otvara konferenciju \"Multidisciplinary rehabilitation of Down Syndrome - the condition of the integration\" koju u suradnji s Down Syndrome centar Pula organizira zajedno sa zastupnicom Ivana Maleti\u0107 i zastupnikom Ivan Jakov\u010di\u0107.","rel":"","context":"U &quot;Novosti&quot;","block_context":{"text":"Novosti","link":"https:\/\/www.downcentar.hr\/hr\/category\/novosti\/"},"img":{"alt_text":"","src":"https:\/\/i0.wp.com\/www.downcentar.hr\/wp-content\/uploads\/2017\/03\/parla-1.jpg?fit=960%2C960&ssl=1&resize=350%2C200","width":350,"height":200,"srcset":"https:\/\/i0.wp.com\/www.downcentar.hr\/wp-content\/uploads\/2017\/03\/parla-1.jpg?fit=960%2C960&ssl=1&resize=350%2C200 1x, https:\/\/i0.wp.com\/www.downcentar.hr\/wp-content\/uploads\/2017\/03\/parla-1.jpg?fit=960%2C960&ssl=1&resize=525%2C300 1.5x, https:\/\/i0.wp.com\/www.downcentar.hr\/wp-content\/uploads\/2017\/03\/parla-1.jpg?fit=960%2C960&ssl=1&resize=700%2C400 2x"},"classes":[]},{"id":4135,"url":"https:\/\/www.downcentar.hr\/hr\/2017\/03\/30\/konferencija-o-rehabilitaciji-osoba-s-downovim-sindromom\/","url_meta":{"origin":4038,"position":2},"title":"Konferencija o rehabilitaciji osoba s Downovim sindromom","author":"admin","date":"30\/03\/2017","format":false,"excerpt":"Na poziv hrvatskih zastupnika u Europskom parlamentu Dubravke \u0160uice, Ivane Maleti\u0107 i Ivana Jakov\u010di\u0107a te u suradnji s Centrom za rehabilitaciju za osobe s Downovim sindromom (DS) i njihove obitelji u Puli, u Bruxellesu je danas odr\u017eana konferencija pod naslovom \u201eVi\u0161edisciplinarna rehabilitacija osoba s Downovim sindromom - uvjet za integraciju\u201c.\u2026","rel":"","context":"U &quot;Novosti&quot;","block_context":{"text":"Novosti","link":"https:\/\/www.downcentar.hr\/hr\/category\/novosti\/"},"img":{"alt_text":"","src":"https:\/\/i0.wp.com\/www.downcentar.hr\/wp-content\/uploads\/2017\/03\/image2.jpg?fit=620%2C413&ssl=1&resize=350%2C200","width":350,"height":200,"srcset":"https:\/\/i0.wp.com\/www.downcentar.hr\/wp-content\/uploads\/2017\/03\/image2.jpg?fit=620%2C413&ssl=1&resize=350%2C200 1x, https:\/\/i0.wp.com\/www.downcentar.hr\/wp-content\/uploads\/2017\/03\/image2.jpg?fit=620%2C413&ssl=1&resize=525%2C300 1.5x"},"classes":[]},{"id":4057,"url":"https:\/\/www.downcentar.hr\/hr\/2017\/03\/30\/u-europarlamentu-predstavljena-rehabilitacija-osoba-s-downovim-sindromom\/","url_meta":{"origin":4038,"position":3},"title":"U Europarlamentu predstavljena rehabilitacija osoba s Downovim sindromom","author":"admin","date":"30\/03\/2017","format":false,"excerpt":"Na poziv zastupnika Ivana Jakov\u010di\u0107a te zastupnica Dubravke \u0160uice i Ivane Maleti\u0107, Europski parlament su posjetili polaznici rehabilitacijskih programa Centra za Downov sindrom iz Pule. Nakon sudjelovanja na Konferenciji o multidisciplinarnoj rehabilitaciji osoba s Downovim sindromom, dvanaestoro polaznika pulskog Centra eurozastupnicima su u parlamentarnom kafi\u0107u poslu\u017eivali kavu i kola\u010de. Cijenjeni\u2026","rel":"","context":"U &quot;Novosti&quot;","block_context":{"text":"Novosti","link":"https:\/\/www.downcentar.hr\/hr\/category\/novosti\/"},"img":{"alt_text":"","src":"https:\/\/i0.wp.com\/www.downcentar.hr\/wp-content\/uploads\/2017\/03\/GO03354228.jpg?fit=643%2C320&ssl=1&resize=350%2C200","width":350,"height":200,"srcset":"https:\/\/i0.wp.com\/www.downcentar.hr\/wp-content\/uploads\/2017\/03\/GO03354228.jpg?fit=643%2C320&ssl=1&resize=350%2C200 1x, https:\/\/i0.wp.com\/www.downcentar.hr\/wp-content\/uploads\/2017\/03\/GO03354228.jpg?fit=643%2C320&ssl=1&resize=525%2C300 1.5x"},"classes":[]},{"id":5351,"url":"https:\/\/www.downcentar.hr\/hr\/2019\/12\/15\/hvala-futsal-dinamo-na-gostoprimstvu-i-poklonima\/","url_meta":{"origin":4038,"position":4},"title":"Hvala Futsal Dinamo na gostoprimstvu i poklonima!","author":"admin","date":"15\/12\/2019","format":false,"excerpt":"Hvala Futsal Dinamo na gostoprimstvu i poklonima! Vi\u0161e od 40 osoba s Down sindromom prisustvovalo je na humanitarnoj utakmici u Ciboni.","rel":"","context":"U &quot;Novosti&quot;","block_context":{"text":"Novosti","link":"https:\/\/www.downcentar.hr\/hr\/category\/novosti\/"},"img":{"alt_text":"","src":"https:\/\/i0.wp.com\/www.downcentar.hr\/wp-content\/uploads\/2019\/12\/IMG_20191207_192850.jpg?fit=887%2C665&ssl=1&resize=350%2C200","width":350,"height":200,"srcset":"https:\/\/i0.wp.com\/www.downcentar.hr\/wp-content\/uploads\/2019\/12\/IMG_20191207_192850.jpg?fit=887%2C665&ssl=1&resize=350%2C200 1x, https:\/\/i0.wp.com\/www.downcentar.hr\/wp-content\/uploads\/2019\/12\/IMG_20191207_192850.jpg?fit=887%2C665&ssl=1&resize=525%2C300 1.5x, https:\/\/i0.wp.com\/www.downcentar.hr\/wp-content\/uploads\/2019\/12\/IMG_20191207_192850.jpg?fit=887%2C665&ssl=1&resize=700%2C400 2x"},"classes":[]},{"id":859,"url":"https:\/\/www.downcentar.hr\/hr\/2016\/02\/06\/veseli-strumfovi-na-karnevalu-u-zemlji-zabave\/","url_meta":{"origin":4038,"position":5},"title":"Veseli \u0161trumfovi na karnevalu u Zemlji zabave..:)))","author":"admin","date":"06\/02\/2016","format":false,"excerpt":"Veseli \u0161trumfovi na karnevalu u Zemlji zabave..:)))","rel":"","context":"U &quot;Novosti&quot;","block_context":{"text":"Novosti","link":"https:\/\/www.downcentar.hr\/hr\/category\/novosti\/"},"img":{"alt_text":"","src":"https:\/\/i0.wp.com\/www.downcentar.hr\/wp-content\/uploads\/2016\/02\/IMG_0647.jpg?fit=788%2C591&ssl=1&resize=350%2C200","width":350,"height":200,"srcset":"https:\/\/i0.wp.com\/www.downcentar.hr\/wp-content\/uploads\/2016\/02\/IMG_0647.jpg?fit=788%2C591&ssl=1&resize=350%2C200 1x, https:\/\/i0.wp.com\/www.downcentar.hr\/wp-content\/uploads\/2016\/02\/IMG_0647.jpg?fit=788%2C591&ssl=1&resize=525%2C300 1.5x, https:\/\/i0.wp.com\/www.downcentar.hr\/wp-content\/uploads\/2016\/02\/IMG_0647.jpg?fit=788%2C591&ssl=1&resize=700%2C400 2x"},"classes":[]}],"_links":{"self":[{"href":"https:\/\/www.downcentar.hr\/hr\/wp-json\/wp\/v2\/posts\/4038"}],"collection":[{"href":"https:\/\/www.downcentar.hr\/hr\/wp-json\/wp\/v2\/posts"}],"about":[{"href":"https:\/\/www.downcentar.hr\/hr\/wp-json\/wp\/v2\/types\/post"}],"author":[{"embeddable":true,"href":"https:\/\/www.downcentar.hr\/hr\/wp-json\/wp\/v2\/users\/1"}],"replies":[{"embeddable":true,"href":"https:\/\/www.downcentar.hr\/hr\/wp-json\/wp\/v2\/comments?post=4038"}],"version-history":[{"count":1,"href":"https:\/\/www.downcentar.hr\/hr\/wp-json\/wp\/v2\/posts\/4038\/revisions"}],"predecessor-version":[{"id":4041,"href":"https:\/\/www.downcentar.hr\/hr\/wp-json\/wp\/v2\/posts\/4038\/revisions\/4041"}],"wp:featuredmedia":[{"embeddable":true,"href":"https:\/\/www.downcentar.hr\/hr\/wp-json\/wp\/v2\/media\/4040"}],"wp:attachment":[{"href":"https:\/\/www.downcentar.hr\/hr\/wp-json\/wp\/v2\/media?parent=4038"}],"wp:term":[{"taxonomy":"category","embeddable":true,"href":"https:\/\/www.downcentar.hr\/hr\/wp-json\/wp\/v2\/categories?post=4038"},{"taxonomy":"post_tag","embeddable":true,"href":"https:\/\/www.downcentar.hr\/hr\/wp-json\/wp\/v2\/tags?post=4038"}],"curies":[{"name":"wp","href":"https:\/\/api.w.org\/{rel}","templated":true}]}}