{"id":4483,"date":"2017-10-27T17:25:06","date_gmt":"2017-10-27T16:25:06","guid":{"rendered":"http:\/\/www.downcentar.hr\/?p=4483"},"modified":"2017-10-27T17:31:41","modified_gmt":"2017-10-27T16:31:41","slug":"pomozite-nam-svojim-lajkovima","status":"publish","type":"post","link":"https:\/\/www.downcentar.hr\/hr\/2017\/10\/27\/pomozite-nam-svojim-lajkovima\/","title":{"rendered":"Pomozite nam svojim lajkovima&#8230;"},"content":{"rendered":"<p><img loading=\"lazy\" decoding=\"async\" data-attachment-id=\"4484\" data-permalink=\"https:\/\/www.downcentar.hr\/hr\/2017\/10\/27\/pomozite-nam-svojim-lajkovima\/logo-veci-face-dsc-pula\/\" data-orig-file=\"https:\/\/i0.wp.com\/www.downcentar.hr\/wp-content\/uploads\/2017\/10\/logo-veci-face-dsc-pula.png?fit=960%2C511&amp;ssl=1\" data-orig-size=\"960,511\" data-comments-opened=\"1\" data-image-meta=\"{&quot;aperture&quot;:&quot;0&quot;,&quot;credit&quot;:&quot;&quot;,&quot;camera&quot;:&quot;&quot;,&quot;caption&quot;:&quot;&quot;,&quot;created_timestamp&quot;:&quot;0&quot;,&quot;copyright&quot;:&quot;&quot;,&quot;focal_length&quot;:&quot;0&quot;,&quot;iso&quot;:&quot;0&quot;,&quot;shutter_speed&quot;:&quot;0&quot;,&quot;title&quot;:&quot;&quot;,&quot;orientation&quot;:&quot;0&quot;}\" data-image-title=\"logo -veci-face-dsc-pula\" data-image-description=\"\" data-image-caption=\"\" data-medium-file=\"https:\/\/i0.wp.com\/www.downcentar.hr\/wp-content\/uploads\/2017\/10\/logo-veci-face-dsc-pula.png?fit=300%2C160&amp;ssl=1\" data-large-file=\"https:\/\/i0.wp.com\/www.downcentar.hr\/wp-content\/uploads\/2017\/10\/logo-veci-face-dsc-pula.png?fit=578%2C308&amp;ssl=1\" class=\"alignnone wp-image-4484\" src=\"https:\/\/i0.wp.com\/www.downcentar.hr\/wp-content\/uploads\/2017\/10\/logo-veci-face-dsc-pula.png?resize=578%2C308\" alt=\"logo -veci-face-dsc-pula\" width=\"578\" height=\"308\" srcset=\"https:\/\/i0.wp.com\/www.downcentar.hr\/wp-content\/uploads\/2017\/10\/logo-veci-face-dsc-pula.png?w=960&amp;ssl=1 960w, https:\/\/i0.wp.com\/www.downcentar.hr\/wp-content\/uploads\/2017\/10\/logo-veci-face-dsc-pula.png?resize=300%2C160&amp;ssl=1 300w, https:\/\/i0.wp.com\/www.downcentar.hr\/wp-content\/uploads\/2017\/10\/logo-veci-face-dsc-pula.png?resize=768%2C409&amp;ssl=1 768w\" sizes=\"(max-width: 578px) 100vw, 578px\" data-recalc-dims=\"1\" \/><\/p>\n<p><strong>Dragi prijatelji prijavili smo projekt na natje\u010daj zaklade Reach for Change Croatia i Tele2.<\/strong><\/p>\n<p>Molimo Vas otvorite album koji dijelimo, u albumu kliknite na sliku Down Sindrom Centra Pula i svojim lajkom pomozite da pro\u0111emo dalje.<\/p>\n<p>I vi dijelite album i pozovite svoje prijatelje da lajkaju!<br \/>\nHvala<\/p>\n<p><a href=\"https:\/\/web.facebook.com\/reachforchangecroatia\/?hc_ref=ARQONI7zFV8CpNVxxeRyl9wF4NBOHn-rYdAghxYdkRIDkG7g7mBJE4VZrts4e-ZoZpk\"><strong>LINK<\/strong><\/a><\/p>\n","protected":false},"excerpt":{"rendered":"<p>Dragi prijatelji prijavili smo projekt na natje\u010daj zaklade Reach for Change Croatia i Tele2. Molimo Vas otvorite album koji dijelimo, u albumu kliknite na sliku Down Sindrom Centra Pula i svojim lajkom pomozite da pro\u0111emo dalje. I vi dijelite album i pozovite svoje prijatelje da lajkaju! Hvala LINK<\/p>\n","protected":false},"author":1,"featured_media":4484,"comment_status":"open","ping_status":"open","sticky":false,"template":"","format":"standard","meta":{"pgc_sgb_lightbox_settings":"","jetpack_post_was_ever_published":false,"_jetpack_newsletter_access":"","_jetpack_newsletter_tier_id":0,"footnotes":"","jetpack_publicize_message":"Pomozite nam svojim lajkovima...","jetpack_is_tweetstorm":false,"jetpack_publicize_feature_enabled":true,"jetpack_social_post_already_shared":true,"jetpack_social_options":{"image_generator_settings":{"template":"highway","enabled":false}}},"categories":[2],"tags":[],"jetpack_publicize_connections":[],"aioseo_notices":[],"jetpack_featured_media_url":"https:\/\/i0.wp.com\/www.downcentar.hr\/wp-content\/uploads\/2017\/10\/logo-veci-face-dsc-pula.png?fit=960%2C511&ssl=1","jetpack_sharing_enabled":true,"jetpack_shortlink":"https:\/\/wp.me\/p78Mt7-1aj","jetpack-related-posts":[{"id":4057,"url":"https:\/\/www.downcentar.hr\/hr\/2017\/03\/30\/u-europarlamentu-predstavljena-rehabilitacija-osoba-s-downovim-sindromom\/","url_meta":{"origin":4483,"position":0},"title":"U Europarlamentu predstavljena rehabilitacija osoba s Downovim sindromom","author":"admin","date":"30\/03\/2017","format":false,"excerpt":"Na poziv zastupnika Ivana Jakov\u010di\u0107a te zastupnica Dubravke \u0160uice i Ivane Maleti\u0107, Europski parlament su posjetili polaznici rehabilitacijskih programa Centra za Downov sindrom iz Pule. Nakon sudjelovanja na Konferenciji o multidisciplinarnoj rehabilitaciji osoba s Downovim sindromom, dvanaestoro polaznika pulskog Centra eurozastupnicima su u parlamentarnom kafi\u0107u poslu\u017eivali kavu i kola\u010de. Cijenjeni\u2026","rel":"","context":"U &quot;Novosti&quot;","block_context":{"text":"Novosti","link":"https:\/\/www.downcentar.hr\/hr\/category\/novosti\/"},"img":{"alt_text":"","src":"https:\/\/i0.wp.com\/www.downcentar.hr\/wp-content\/uploads\/2017\/03\/GO03354228.jpg?fit=643%2C320&ssl=1&resize=350%2C200","width":350,"height":200,"srcset":"https:\/\/i0.wp.com\/www.downcentar.hr\/wp-content\/uploads\/2017\/03\/GO03354228.jpg?fit=643%2C320&ssl=1&resize=350%2C200 1x, https:\/\/i0.wp.com\/www.downcentar.hr\/wp-content\/uploads\/2017\/03\/GO03354228.jpg?fit=643%2C320&ssl=1&resize=525%2C300 1.5x"},"classes":[]},{"id":3475,"url":"https:\/\/www.downcentar.hr\/hr\/2016\/08\/17\/volonterski-kamp-nasicana-u-puli\/","url_meta":{"origin":4483,"position":1},"title":"Volonterski kamp Na\u0161i\u010dana u Puli","author":"admin","date":"17\/08\/2016","format":false,"excerpt":"O kampu, Puli, centru za rehabilitaciju i drugim doga\u0111ajima profesor An\u0111elko Cvijetovi\u0107 je za TV Na\u0161ice napisao nekoliko re\u010denica. \u201eS koncertom Parnog valjka i Akija u Areni, u pono\u0107 je okon\u010dan na\u0161 II. integracijski volonterski kamp u Centru za rehabilitaciju Down sindrom centru Pula! Hvala DSC Pula za ovaj zavr\u0161ni\u2026","rel":"","context":"U &quot;Novosti&quot;","block_context":{"text":"Novosti","link":"https:\/\/www.downcentar.hr\/hr\/category\/novosti\/"},"img":{"alt_text":"","src":"https:\/\/i0.wp.com\/www.downcentar.hr\/wp-content\/uploads\/2016\/08\/pula-otvoreno-srce-nasice7.jpg?fit=680%2C400&ssl=1&resize=350%2C200","width":350,"height":200,"srcset":"https:\/\/i0.wp.com\/www.downcentar.hr\/wp-content\/uploads\/2016\/08\/pula-otvoreno-srce-nasice7.jpg?fit=680%2C400&ssl=1&resize=350%2C200 1x, https:\/\/i0.wp.com\/www.downcentar.hr\/wp-content\/uploads\/2016\/08\/pula-otvoreno-srce-nasice7.jpg?fit=680%2C400&ssl=1&resize=525%2C300 1.5x"},"classes":[]},{"id":1486,"url":"https:\/\/www.downcentar.hr\/hr\/2016\/03\/21\/svecana-proslava-svjetskog-dana-osoba-s-down-sindromom-i-deseta-obljetnica-rada-centra\/","url_meta":{"origin":4483,"position":2},"title":"Sve\u010dana proslava Svjetskog dana osoba s Down sindromom i deseta obljetnica rada Centra (VIDEO)","author":"admin","date":"21\/03\/2016","format":false,"excerpt":"Sve\u010dana proslava Svjetskog dana osoba s Down sindromom i deseta obljetnica rada Centra za Down syndrome u Puli. Posebno se zahvaljujemo zamjeniku ministrice socijalne politike i mladih Bernardice Jureti\u0107, gospodinu Anti Babi\u0107u \u0161to je svojim dolaskom i neposredno\u0161\u0107u uvali\u010dao na\u0161u proslavu!!!","rel":"","context":"U &quot;Novosti&quot;","block_context":{"text":"Novosti","link":"https:\/\/www.downcentar.hr\/hr\/category\/novosti\/"},"img":{"alt_text":"","src":"https:\/\/i0.wp.com\/www.downcentar.hr\/wp-content\/uploads\/2016\/03\/IMG_2911-1.jpg?fit=788%2C591&ssl=1&resize=350%2C200","width":350,"height":200,"srcset":"https:\/\/i0.wp.com\/www.downcentar.hr\/wp-content\/uploads\/2016\/03\/IMG_2911-1.jpg?fit=788%2C591&ssl=1&resize=350%2C200 1x, https:\/\/i0.wp.com\/www.downcentar.hr\/wp-content\/uploads\/2016\/03\/IMG_2911-1.jpg?fit=788%2C591&ssl=1&resize=525%2C300 1.5x, https:\/\/i0.wp.com\/www.downcentar.hr\/wp-content\/uploads\/2016\/03\/IMG_2911-1.jpg?fit=788%2C591&ssl=1&resize=700%2C400 2x"},"classes":[]},{"id":4135,"url":"https:\/\/www.downcentar.hr\/hr\/2017\/03\/30\/konferencija-o-rehabilitaciji-osoba-s-downovim-sindromom\/","url_meta":{"origin":4483,"position":3},"title":"Konferencija o rehabilitaciji osoba s Downovim sindromom","author":"admin","date":"30\/03\/2017","format":false,"excerpt":"Na poziv hrvatskih zastupnika u Europskom parlamentu Dubravke \u0160uice, Ivane Maleti\u0107 i Ivana Jakov\u010di\u0107a te u suradnji s Centrom za rehabilitaciju za osobe s Downovim sindromom (DS) i njihove obitelji u Puli, u Bruxellesu je danas odr\u017eana konferencija pod naslovom \u201eVi\u0161edisciplinarna rehabilitacija osoba s Downovim sindromom - uvjet za integraciju\u201c.\u2026","rel":"","context":"U &quot;Novosti&quot;","block_context":{"text":"Novosti","link":"https:\/\/www.downcentar.hr\/hr\/category\/novosti\/"},"img":{"alt_text":"","src":"https:\/\/i0.wp.com\/www.downcentar.hr\/wp-content\/uploads\/2017\/03\/image2.jpg?fit=620%2C413&ssl=1&resize=350%2C200","width":350,"height":200,"srcset":"https:\/\/i0.wp.com\/www.downcentar.hr\/wp-content\/uploads\/2017\/03\/image2.jpg?fit=620%2C413&ssl=1&resize=350%2C200 1x, https:\/\/i0.wp.com\/www.downcentar.hr\/wp-content\/uploads\/2017\/03\/image2.jpg?fit=620%2C413&ssl=1&resize=525%2C300 1.5x"},"classes":[]},{"id":2044,"url":"https:\/\/www.downcentar.hr\/hr\/2016\/04\/06\/objavljeni-termini-za-2017-godinu\/","url_meta":{"origin":4483,"position":4},"title":"Objavljeni termini za 2017.godinu","author":"admin","date":"06\/04\/2016","format":false,"excerpt":"Dragi svi, na web stranici je objavljen raspored rehabilitacijskih termina za 2017.godinu, obzirom da je 2016.godina uglavnom ve\u0107 popunjena. Molimo sve roditelje da, za sada, ZA 2017. PRIJAVLJUJU SAMO PO JEDAN REHABILITACIJSKI TERMIN. Hvala na razumijevanju! Rehabilitacijske termine mo\u017eete pogledati OVDJE","rel":"","context":"U &quot;Novosti&quot;","block_context":{"text":"Novosti","link":"https:\/\/www.downcentar.hr\/hr\/category\/novosti\/"},"img":{"alt_text":"","src":"https:\/\/i0.wp.com\/www.downcentar.hr\/wp-content\/uploads\/2016\/04\/dsc-pula-foto.jpg?fit=800%2C533&ssl=1&resize=350%2C200","width":350,"height":200,"srcset":"https:\/\/i0.wp.com\/www.downcentar.hr\/wp-content\/uploads\/2016\/04\/dsc-pula-foto.jpg?fit=800%2C533&ssl=1&resize=350%2C200 1x, https:\/\/i0.wp.com\/www.downcentar.hr\/wp-content\/uploads\/2016\/04\/dsc-pula-foto.jpg?fit=800%2C533&ssl=1&resize=525%2C300 1.5x, https:\/\/i0.wp.com\/www.downcentar.hr\/wp-content\/uploads\/2016\/04\/dsc-pula-foto.jpg?fit=800%2C533&ssl=1&resize=700%2C400 2x"},"classes":[]},{"id":5454,"url":"https:\/\/www.downcentar.hr\/hr\/2025\/02\/03\/prijave-za-sudjelovanje-na-simpoziju-povodom-20-obljetnice-djelovanja-dsc-pula\/","url_meta":{"origin":4483,"position":5},"title":"Prijave za sudjelovanje na Simpoziju povodom 20. obljetnice djelovanja DSC Pula","author":"admin","date":"03\/02\/2025","format":false,"excerpt":"\u010cast nam je i zadovoljstvo objaviti program Simpozija i pozvati Vas da budete njegovim dionikom. Simpozij se odr\u017eava\u00a0pod pokroviteljstvom Ministarstva rada, mirovinskoga sustava, obitelji i socijalne politike, Istarske \u017eupanije i Grada Pule, te je kao takav podlo\u017ean\u00a0bodovanju Komora: HLK (aktivnim sudionicima dodijeljeno 9 bodova, a pasivnim 7 bodova); HKER (3\u2026","rel":"","context":"U &quot;Novosti&quot;","block_context":{"text":"Novosti","link":"https:\/\/www.downcentar.hr\/hr\/category\/novosti\/"},"img":{"alt_text":"","src":"https:\/\/i0.wp.com\/www.downcentar.hr\/wp-content\/uploads\/2025\/02\/web_stranica.jpg?fit=967%2C652&ssl=1&resize=350%2C200","width":350,"height":200,"srcset":"https:\/\/i0.wp.com\/www.downcentar.hr\/wp-content\/uploads\/2025\/02\/web_stranica.jpg?fit=967%2C652&ssl=1&resize=350%2C200 1x, https:\/\/i0.wp.com\/www.downcentar.hr\/wp-content\/uploads\/2025\/02\/web_stranica.jpg?fit=967%2C652&ssl=1&resize=525%2C300 1.5x, https:\/\/i0.wp.com\/www.downcentar.hr\/wp-content\/uploads\/2025\/02\/web_stranica.jpg?fit=967%2C652&ssl=1&resize=700%2C400 2x"},"classes":[]}],"_links":{"self":[{"href":"https:\/\/www.downcentar.hr\/hr\/wp-json\/wp\/v2\/posts\/4483"}],"collection":[{"href":"https:\/\/www.downcentar.hr\/hr\/wp-json\/wp\/v2\/posts"}],"about":[{"href":"https:\/\/www.downcentar.hr\/hr\/wp-json\/wp\/v2\/types\/post"}],"author":[{"embeddable":true,"href":"https:\/\/www.downcentar.hr\/hr\/wp-json\/wp\/v2\/users\/1"}],"replies":[{"embeddable":true,"href":"https:\/\/www.downcentar.hr\/hr\/wp-json\/wp\/v2\/comments?post=4483"}],"version-history":[{"count":4,"href":"https:\/\/www.downcentar.hr\/hr\/wp-json\/wp\/v2\/posts\/4483\/revisions"}],"predecessor-version":[{"id":4488,"href":"https:\/\/www.downcentar.hr\/hr\/wp-json\/wp\/v2\/posts\/4483\/revisions\/4488"}],"wp:featuredmedia":[{"embeddable":true,"href":"https:\/\/www.downcentar.hr\/hr\/wp-json\/wp\/v2\/media\/4484"}],"wp:attachment":[{"href":"https:\/\/www.downcentar.hr\/hr\/wp-json\/wp\/v2\/media?parent=4483"}],"wp:term":[{"taxonomy":"category","embeddable":true,"href":"https:\/\/www.downcentar.hr\/hr\/wp-json\/wp\/v2\/categories?post=4483"},{"taxonomy":"post_tag","embeddable":true,"href":"https:\/\/www.downcentar.hr\/hr\/wp-json\/wp\/v2\/tags?post=4483"}],"curies":[{"name":"wp","href":"https:\/\/api.w.org\/{rel}","templated":true}]}}