{"id":4604,"date":"2017-12-10T16:51:05","date_gmt":"2017-12-10T15:51:05","guid":{"rendered":"http:\/\/www.downcentar.hr\/?p=4604"},"modified":"2019-04-30T13:05:22","modified_gmt":"2019-04-30T12:05:22","slug":"uzivanje-do-kasnih-nocnih-sati-s-akijem-i-parnim-valjkom","status":"publish","type":"post","link":"https:\/\/www.downcentar.hr\/hr\/2017\/12\/10\/uzivanje-do-kasnih-nocnih-sati-s-akijem-i-parnim-valjkom\/","title":{"rendered":"U\u017eivanje do kasnih no\u0107nih sati s Akijem i Parnim Valjkom"},"content":{"rendered":"<div id=\"amw_galleria_slideshow_1\" class=\"amw-galleria-slideshow\"><\/div>\n<script type=\"text\/javascript\">jQuery(document).ready(function(){ jQuery(\"#amw_galleria_slideshow_1\").galleria({\"dataSource\":[{\"image\":\"https:\\\/\\\/i0.wp.com\\\/www.downcentar.hr\\\/wp-content\\\/uploads\\\/2017\\\/12\\\/2-2.jpg?fit=578%2C434&ssl=1\",\"big\":\"https:\\\/\\\/i0.wp.com\\\/www.downcentar.hr\\\/wp-content\\\/uploads\\\/2017\\\/12\\\/2-2.jpg?fit=578%2C434&ssl=1\",\"thumb\":\"https:\\\/\\\/i0.wp.com\\\/www.downcentar.hr\\\/wp-content\\\/uploads\\\/2017\\\/12\\\/2-2.jpg?resize=150%2C150&ssl=1\",\"title\":\"2\",\"description\":\"\"},{\"image\":\"https:\\\/\\\/i0.wp.com\\\/www.downcentar.hr\\\/wp-content\\\/uploads\\\/2017\\\/12\\\/3a.jpg?fit=578%2C434&ssl=1\",\"big\":\"https:\\\/\\\/i0.wp.com\\\/www.downcentar.hr\\\/wp-content\\\/uploads\\\/2017\\\/12\\\/3a.jpg?fit=578%2C434&ssl=1\",\"thumb\":\"https:\\\/\\\/i0.wp.com\\\/www.downcentar.hr\\\/wp-content\\\/uploads\\\/2017\\\/12\\\/3a.jpg?resize=150%2C150&ssl=1\",\"title\":\"3a\",\"description\":\"\"},{\"image\":\"https:\\\/\\\/i0.wp.com\\\/www.downcentar.hr\\\/wp-content\\\/uploads\\\/2017\\\/12\\\/3b.jpg?fit=578%2C434&ssl=1\",\"big\":\"https:\\\/\\\/i0.wp.com\\\/www.downcentar.hr\\\/wp-content\\\/uploads\\\/2017\\\/12\\\/3b.jpg?fit=578%2C434&ssl=1\",\"thumb\":\"https:\\\/\\\/i0.wp.com\\\/www.downcentar.hr\\\/wp-content\\\/uploads\\\/2017\\\/12\\\/3b.jpg?resize=150%2C150&ssl=1\",\"title\":\"3b\",\"description\":\"\"},{\"image\":\"https:\\\/\\\/i0.wp.com\\\/www.downcentar.hr\\\/wp-content\\\/uploads\\\/2017\\\/12\\\/1-2.jpg?fit=578%2C434&ssl=1\",\"big\":\"https:\\\/\\\/i0.wp.com\\\/www.downcentar.hr\\\/wp-content\\\/uploads\\\/2017\\\/12\\\/1-2.jpg?fit=578%2C434&ssl=1\",\"thumb\":\"https:\\\/\\\/i0.wp.com\\\/www.downcentar.hr\\\/wp-content\\\/uploads\\\/2017\\\/12\\\/1-2.jpg?resize=150%2C150&ssl=1\",\"title\":\"1\",\"description\":\"\"}],\"width\":\"auto\",\"height\":0.7600000000000000088817841970012523233890533447265625,\"autoplay\":false,\"transition\":\"slide\",\"initialTransition\":\"fade\",\"transitionSpeed\":0,\"_delayTime\":4000,\"_hideControls\":false,\"_thumbnailMode\":\"grid\",\"_captionMode\":\"on_expand\"}); });<\/script>\n<p>U\u017eivanje do kasnih no\u0107nih sati s Akijem i Parnim Valjkom&#8230; \ud83d\ude42<\/p>\n","protected":false},"excerpt":{"rendered":"<p>U\u017eivanje do kasnih no\u0107nih sati s Akijem i Parnim Valjkom&#8230; \ud83d\ude42<\/p>\n","protected":false},"author":1,"featured_media":4607,"comment_status":"open","ping_status":"closed","sticky":false,"template":"","format":"standard","meta":{"pgc_sgb_lightbox_settings":"","jetpack_post_was_ever_published":false,"_jetpack_newsletter_access":"","_jetpack_newsletter_tier_id":0,"footnotes":"","jetpack_publicize_message":"","jetpack_is_tweetstorm":false,"jetpack_publicize_feature_enabled":true,"jetpack_social_post_already_shared":true,"jetpack_social_options":{"image_generator_settings":{"template":"highway","enabled":false}}},"categories":[2,15],"tags":[],"jetpack_publicize_connections":[],"aioseo_notices":[],"jetpack_featured_media_url":"https:\/\/i0.wp.com\/www.downcentar.hr\/wp-content\/uploads\/2017\/12\/3b.jpg?fit=960%2C720&ssl=1","jetpack_sharing_enabled":true,"jetpack_shortlink":"https:\/\/wp.me\/p78Mt7-1cg","jetpack-related-posts":[{"id":5288,"url":"https:\/\/www.downcentar.hr\/hr\/2019\/11\/29\/uzivanje-u-zagrebu\/","url_meta":{"origin":4604,"position":0},"title":"U\u017eivanje u Zagrebu","author":"admin","date":"29\/11\/2019","format":false,"excerpt":"DSC Pula - ''U\u017eivanje u Zagrebu''","rel":"","context":"U &quot;Novosti&quot;","block_context":{"text":"Novosti","link":"https:\/\/www.downcentar.hr\/hr\/category\/novosti\/"},"img":{"alt_text":"","src":"https:\/\/i0.wp.com\/www.downcentar.hr\/wp-content\/uploads\/2019\/11\/IMG_0123.jpg?fit=911%2C683&ssl=1&resize=350%2C200","width":350,"height":200,"srcset":"https:\/\/i0.wp.com\/www.downcentar.hr\/wp-content\/uploads\/2019\/11\/IMG_0123.jpg?fit=911%2C683&ssl=1&resize=350%2C200 1x, https:\/\/i0.wp.com\/www.downcentar.hr\/wp-content\/uploads\/2019\/11\/IMG_0123.jpg?fit=911%2C683&ssl=1&resize=525%2C300 1.5x, https:\/\/i0.wp.com\/www.downcentar.hr\/wp-content\/uploads\/2019\/11\/IMG_0123.jpg?fit=911%2C683&ssl=1&resize=700%2C400 2x"},"classes":[]},{"id":2656,"url":"https:\/\/www.downcentar.hr\/hr\/2016\/05\/18\/uzivanje-u-sijanskoj-sumi\/","url_meta":{"origin":4604,"position":1},"title":"U\u017dIVANJE U \u0160IJANSKOJ \u0160UMI&#8230;. :)","author":"admin","date":"18\/05\/2016","format":false,"excerpt":"U\u017eivanje u ''\u0160ijanskoj \u0161umi''... :)","rel":"","context":"U &quot;Novosti&quot;","block_context":{"text":"Novosti","link":"https:\/\/www.downcentar.hr\/hr\/category\/novosti\/"},"img":{"alt_text":"","src":"","width":0,"height":0},"classes":[]},{"id":4135,"url":"https:\/\/www.downcentar.hr\/hr\/2017\/03\/30\/konferencija-o-rehabilitaciji-osoba-s-downovim-sindromom\/","url_meta":{"origin":4604,"position":2},"title":"Konferencija o rehabilitaciji osoba s Downovim sindromom","author":"admin","date":"30\/03\/2017","format":false,"excerpt":"Na poziv hrvatskih zastupnika u Europskom parlamentu Dubravke \u0160uice, Ivane Maleti\u0107 i Ivana Jakov\u010di\u0107a te u suradnji s Centrom za rehabilitaciju za osobe s Downovim sindromom (DS) i njihove obitelji u Puli, u Bruxellesu je danas odr\u017eana konferencija pod naslovom \u201eVi\u0161edisciplinarna rehabilitacija osoba s Downovim sindromom - uvjet za integraciju\u201c.\u2026","rel":"","context":"U &quot;Novosti&quot;","block_context":{"text":"Novosti","link":"https:\/\/www.downcentar.hr\/hr\/category\/novosti\/"},"img":{"alt_text":"","src":"https:\/\/i0.wp.com\/www.downcentar.hr\/wp-content\/uploads\/2017\/03\/image2.jpg?fit=620%2C413&ssl=1&resize=350%2C200","width":350,"height":200,"srcset":"https:\/\/i0.wp.com\/www.downcentar.hr\/wp-content\/uploads\/2017\/03\/image2.jpg?fit=620%2C413&ssl=1&resize=350%2C200 1x, https:\/\/i0.wp.com\/www.downcentar.hr\/wp-content\/uploads\/2017\/03\/image2.jpg?fit=620%2C413&ssl=1&resize=525%2C300 1.5x"},"classes":[]},{"id":4173,"url":"https:\/\/www.downcentar.hr\/hr\/2017\/05\/04\/petar-s\/","url_meta":{"origin":4604,"position":3},"title":"Petar \u0160. :)","author":"admin","date":"04\/05\/2017","format":false,"excerpt":"Petar \u0160. u DSC Pula ... :)","rel":"","context":"U &quot;Novosti&quot;","block_context":{"text":"Novosti","link":"https:\/\/www.downcentar.hr\/hr\/category\/novosti\/"},"img":{"alt_text":"","src":"https:\/\/i0.wp.com\/www.downcentar.hr\/wp-content\/uploads\/2017\/05\/IMG_9555.jpg?fit=813%2C610&ssl=1&resize=350%2C200","width":350,"height":200,"srcset":"https:\/\/i0.wp.com\/www.downcentar.hr\/wp-content\/uploads\/2017\/05\/IMG_9555.jpg?fit=813%2C610&ssl=1&resize=350%2C200 1x, https:\/\/i0.wp.com\/www.downcentar.hr\/wp-content\/uploads\/2017\/05\/IMG_9555.jpg?fit=813%2C610&ssl=1&resize=525%2C300 1.5x, https:\/\/i0.wp.com\/www.downcentar.hr\/wp-content\/uploads\/2017\/05\/IMG_9555.jpg?fit=813%2C610&ssl=1&resize=700%2C400 2x"},"classes":[]},{"id":3098,"url":"https:\/\/www.downcentar.hr\/hr\/2016\/07\/06\/vesela-glazbena-radionica-s-prijateljima-belgijancima-video\/","url_meta":{"origin":4604,"position":4},"title":"Vesela glazbena radionica s prijateljima Belgijancima :) &#8211; (VIDEO)","author":"admin","date":"06\/07\/2016","format":false,"excerpt":"Vesela glazbena radionica s prijateljima Belgijancima :)","rel":"","context":"U &quot;Novosti&quot;","block_context":{"text":"Novosti","link":"https:\/\/www.downcentar.hr\/hr\/category\/novosti\/"},"img":{"alt_text":"","src":"https:\/\/i0.wp.com\/www.downcentar.hr\/wp-content\/uploads\/2016\/07\/IMG_7173.jpg?fit=800%2C600&ssl=1&resize=350%2C200","width":350,"height":200,"srcset":"https:\/\/i0.wp.com\/www.downcentar.hr\/wp-content\/uploads\/2016\/07\/IMG_7173.jpg?fit=800%2C600&ssl=1&resize=350%2C200 1x, https:\/\/i0.wp.com\/www.downcentar.hr\/wp-content\/uploads\/2016\/07\/IMG_7173.jpg?fit=800%2C600&ssl=1&resize=525%2C300 1.5x, https:\/\/i0.wp.com\/www.downcentar.hr\/wp-content\/uploads\/2016\/07\/IMG_7173.jpg?fit=800%2C600&ssl=1&resize=700%2C400 2x"},"classes":[]},{"id":4057,"url":"https:\/\/www.downcentar.hr\/hr\/2017\/03\/30\/u-europarlamentu-predstavljena-rehabilitacija-osoba-s-downovim-sindromom\/","url_meta":{"origin":4604,"position":5},"title":"U Europarlamentu predstavljena rehabilitacija osoba s Downovim sindromom","author":"admin","date":"30\/03\/2017","format":false,"excerpt":"Na poziv zastupnika Ivana Jakov\u010di\u0107a te zastupnica Dubravke \u0160uice i Ivane Maleti\u0107, Europski parlament su posjetili polaznici rehabilitacijskih programa Centra za Downov sindrom iz Pule. Nakon sudjelovanja na Konferenciji o multidisciplinarnoj rehabilitaciji osoba s Downovim sindromom, dvanaestoro polaznika pulskog Centra eurozastupnicima su u parlamentarnom kafi\u0107u poslu\u017eivali kavu i kola\u010de. Cijenjeni\u2026","rel":"","context":"U &quot;Novosti&quot;","block_context":{"text":"Novosti","link":"https:\/\/www.downcentar.hr\/hr\/category\/novosti\/"},"img":{"alt_text":"","src":"https:\/\/i0.wp.com\/www.downcentar.hr\/wp-content\/uploads\/2017\/03\/GO03354228.jpg?fit=643%2C320&ssl=1&resize=350%2C200","width":350,"height":200,"srcset":"https:\/\/i0.wp.com\/www.downcentar.hr\/wp-content\/uploads\/2017\/03\/GO03354228.jpg?fit=643%2C320&ssl=1&resize=350%2C200 1x, https:\/\/i0.wp.com\/www.downcentar.hr\/wp-content\/uploads\/2017\/03\/GO03354228.jpg?fit=643%2C320&ssl=1&resize=525%2C300 1.5x"},"classes":[]}],"_links":{"self":[{"href":"https:\/\/www.downcentar.hr\/hr\/wp-json\/wp\/v2\/posts\/4604"}],"collection":[{"href":"https:\/\/www.downcentar.hr\/hr\/wp-json\/wp\/v2\/posts"}],"about":[{"href":"https:\/\/www.downcentar.hr\/hr\/wp-json\/wp\/v2\/types\/post"}],"author":[{"embeddable":true,"href":"https:\/\/www.downcentar.hr\/hr\/wp-json\/wp\/v2\/users\/1"}],"replies":[{"embeddable":true,"href":"https:\/\/www.downcentar.hr\/hr\/wp-json\/wp\/v2\/comments?post=4604"}],"version-history":[{"count":1,"href":"https:\/\/www.downcentar.hr\/hr\/wp-json\/wp\/v2\/posts\/4604\/revisions"}],"predecessor-version":[{"id":4609,"href":"https:\/\/www.downcentar.hr\/hr\/wp-json\/wp\/v2\/posts\/4604\/revisions\/4609"}],"wp:featuredmedia":[{"embeddable":true,"href":"https:\/\/www.downcentar.hr\/hr\/wp-json\/wp\/v2\/media\/4607"}],"wp:attachment":[{"href":"https:\/\/www.downcentar.hr\/hr\/wp-json\/wp\/v2\/media?parent=4604"}],"wp:term":[{"taxonomy":"category","embeddable":true,"href":"https:\/\/www.downcentar.hr\/hr\/wp-json\/wp\/v2\/categories?post=4604"},{"taxonomy":"post_tag","embeddable":true,"href":"https:\/\/www.downcentar.hr\/hr\/wp-json\/wp\/v2\/tags?post=4604"}],"curies":[{"name":"wp","href":"https:\/\/api.w.org\/{rel}","templated":true}]}}