{"id":5019,"date":"2019-02-06T17:06:32","date_gmt":"2019-02-06T16:06:32","guid":{"rendered":"http:\/\/www.downcentar.hr\/?p=5019"},"modified":"2019-02-06T17:06:32","modified_gmt":"2019-02-06T16:06:32","slug":"papo-iv","status":"publish","type":"post","link":"https:\/\/www.downcentar.hr\/hr\/2019\/02\/06\/papo-iv\/","title":{"rendered":"PAPO IV"},"content":{"rendered":"<div id=\"amw_galleria_slideshow_1\" class=\"amw-galleria-slideshow\"><\/div>\n<script type=\"text\/javascript\">jQuery(document).ready(function(){ jQuery(\"#amw_galleria_slideshow_1\").galleria({\"dataSource\":[{\"image\":\"https:\\\/\\\/i0.wp.com\\\/www.downcentar.hr\\\/wp-content\\\/uploads\\\/2019\\\/02\\\/47192915_286983655278764_5007207014095388672_n.jpg?fit=578%2C771&ssl=1\",\"big\":\"https:\\\/\\\/i0.wp.com\\\/www.downcentar.hr\\\/wp-content\\\/uploads\\\/2019\\\/02\\\/47192915_286983655278764_5007207014095388672_n.jpg?fit=578%2C771&ssl=1\",\"thumb\":\"https:\\\/\\\/i0.wp.com\\\/www.downcentar.hr\\\/wp-content\\\/uploads\\\/2019\\\/02\\\/47192915_286983655278764_5007207014095388672_n.jpg?resize=150%2C150&ssl=1\",\"title\":\"47192915_286983655278764_5007207014095388672_n\",\"description\":\"\"},{\"image\":\"https:\\\/\\\/i0.wp.com\\\/www.downcentar.hr\\\/wp-content\\\/uploads\\\/2019\\\/02\\\/47296404_2251774778369053_6542592981294120960_n.jpg?fit=578%2C771&ssl=1\",\"big\":\"https:\\\/\\\/i0.wp.com\\\/www.downcentar.hr\\\/wp-content\\\/uploads\\\/2019\\\/02\\\/47296404_2251774778369053_6542592981294120960_n.jpg?fit=578%2C771&ssl=1\",\"thumb\":\"https:\\\/\\\/i0.wp.com\\\/www.downcentar.hr\\\/wp-content\\\/uploads\\\/2019\\\/02\\\/47296404_2251774778369053_6542592981294120960_n.jpg?resize=150%2C150&ssl=1\",\"title\":\"47296404_2251774778369053_6542592981294120960_n\",\"description\":\"\"}],\"width\":\"auto\",\"height\":0.7600000000000000088817841970012523233890533447265625,\"autoplay\":false,\"transition\":\"slide\",\"initialTransition\":\"fade\",\"transitionSpeed\":0,\"_delayTime\":4000,\"_hideControls\":false,\"_thumbnailMode\":\"grid\",\"_captionMode\":\"on_expand\"}); });<\/script>\n<p>DSC Pula &#8211; PAPO IV<\/p>\n","protected":false},"excerpt":{"rendered":"<p>DSC Pula &#8211; PAPO IV<\/p>\n","protected":false},"author":1,"featured_media":5021,"comment_status":"open","ping_status":"open","sticky":false,"template":"","format":"standard","meta":{"pgc_sgb_lightbox_settings":"","jetpack_post_was_ever_published":false,"_jetpack_newsletter_access":"","_jetpack_newsletter_tier_id":0,"footnotes":"","jetpack_publicize_message":"","jetpack_is_tweetstorm":false,"jetpack_publicize_feature_enabled":true,"jetpack_social_post_already_shared":true,"jetpack_social_options":{"image_generator_settings":{"template":"highway","enabled":false}}},"categories":[2],"tags":[],"jetpack_publicize_connections":[],"aioseo_notices":[],"jetpack_featured_media_url":"https:\/\/i0.wp.com\/www.downcentar.hr\/wp-content\/uploads\/2019\/02\/47296404_2251774778369053_6542592981294120960_n.jpg?fit=3024%2C4032&ssl=1","jetpack_sharing_enabled":false,"jetpack_shortlink":"https:\/\/wp.me\/p78Mt7-1iX","jetpack-related-posts":[{"id":5023,"url":"https:\/\/www.downcentar.hr\/hr\/2019\/02\/06\/papo-v\/","url_meta":{"origin":5019,"position":0},"title":"PAPO V","author":"admin","date":"06\/02\/2019","format":false,"excerpt":"DSC Pula - PAPO V","rel":"","context":"U &quot;Novosti&quot;","block_context":{"text":"Novosti","link":"https:\/\/www.downcentar.hr\/hr\/category\/novosti\/"},"img":{"alt_text":"","src":"https:\/\/i0.wp.com\/www.downcentar.hr\/wp-content\/uploads\/2019\/02\/50442319_363303791126157_1796530604544622592_n.jpg?fit=1200%2C900&ssl=1&resize=350%2C200","width":350,"height":200,"srcset":"https:\/\/i0.wp.com\/www.downcentar.hr\/wp-content\/uploads\/2019\/02\/50442319_363303791126157_1796530604544622592_n.jpg?fit=1200%2C900&ssl=1&resize=350%2C200 1x, https:\/\/i0.wp.com\/www.downcentar.hr\/wp-content\/uploads\/2019\/02\/50442319_363303791126157_1796530604544622592_n.jpg?fit=1200%2C900&ssl=1&resize=525%2C300 1.5x, https:\/\/i0.wp.com\/www.downcentar.hr\/wp-content\/uploads\/2019\/02\/50442319_363303791126157_1796530604544622592_n.jpg?fit=1200%2C900&ssl=1&resize=700%2C400 2x, https:\/\/i0.wp.com\/www.downcentar.hr\/wp-content\/uploads\/2019\/02\/50442319_363303791126157_1796530604544622592_n.jpg?fit=1200%2C900&ssl=1&resize=1050%2C600 3x"},"classes":[]},{"id":5011,"url":"https:\/\/www.downcentar.hr\/hr\/2019\/02\/06\/papo-iii\/","url_meta":{"origin":5019,"position":1},"title":"PAPO III","author":"admin","date":"06\/02\/2019","format":false,"excerpt":"DSC Pula - PAPO III","rel":"","context":"U &quot;Ostale vijesti&quot;","block_context":{"text":"Ostale vijesti","link":"https:\/\/www.downcentar.hr\/hr\/category\/ostale-vijesti\/"},"img":{"alt_text":"","src":"https:\/\/i0.wp.com\/www.downcentar.hr\/wp-content\/uploads\/2019\/02\/48234038_350476915506033_1274463182093549568_n.jpg?fit=900%2C1200&ssl=1&resize=350%2C200","width":350,"height":200,"srcset":"https:\/\/i0.wp.com\/www.downcentar.hr\/wp-content\/uploads\/2019\/02\/48234038_350476915506033_1274463182093549568_n.jpg?fit=900%2C1200&ssl=1&resize=350%2C200 1x, https:\/\/i0.wp.com\/www.downcentar.hr\/wp-content\/uploads\/2019\/02\/48234038_350476915506033_1274463182093549568_n.jpg?fit=900%2C1200&ssl=1&resize=525%2C300 1.5x, https:\/\/i0.wp.com\/www.downcentar.hr\/wp-content\/uploads\/2019\/02\/48234038_350476915506033_1274463182093549568_n.jpg?fit=900%2C1200&ssl=1&resize=700%2C400 2x"},"classes":[]},{"id":4004,"url":"https:\/\/www.downcentar.hr\/hr\/2017\/03\/30\/novi-papo-konobari-uspjesno-se-predstavili-u-ss-eugen-kumicic-rovinj-svojoj-razrednici-sandri-uz-lukinu-podrsku-bravo-ekipaaaaa\/","url_meta":{"origin":5019,"position":2},"title":"&#8230; novi PAPO konobari uspje\u0161no se predstavili u S\u0160 Eugen Kumi\u010di\u0107 Rovinj svojoj razrednici Sandri uz lukinu podr\u0161ku&#8230;bravo ekipaaaaa!!!!","author":"admin","date":"30\/03\/2017","format":false,"excerpt":"... novi PAPO konobari uspje\u0161no se predstavili u S\u0160 Eugen Kumi\u010di\u0107 Rovinj svojoj razrednici Sandri uz lukinu podr\u0161ku...bravo ekipaaaaa!!!! <3","rel":"","context":"U &quot;Novosti&quot;","block_context":{"text":"Novosti","link":"https:\/\/www.downcentar.hr\/hr\/category\/novosti\/"},"img":{"alt_text":"","src":"https:\/\/i0.wp.com\/www.downcentar.hr\/wp-content\/uploads\/2017\/03\/16992311_1186533361445513_3429355038860596227_o.jpg?fit=800%2C600&ssl=1&resize=350%2C200","width":350,"height":200,"srcset":"https:\/\/i0.wp.com\/www.downcentar.hr\/wp-content\/uploads\/2017\/03\/16992311_1186533361445513_3429355038860596227_o.jpg?fit=800%2C600&ssl=1&resize=350%2C200 1x, https:\/\/i0.wp.com\/www.downcentar.hr\/wp-content\/uploads\/2017\/03\/16992311_1186533361445513_3429355038860596227_o.jpg?fit=800%2C600&ssl=1&resize=525%2C300 1.5x, https:\/\/i0.wp.com\/www.downcentar.hr\/wp-content\/uploads\/2017\/03\/16992311_1186533361445513_3429355038860596227_o.jpg?fit=800%2C600&ssl=1&resize=700%2C400 2x"},"classes":[]},{"id":4048,"url":"https:\/\/www.downcentar.hr\/hr\/2017\/03\/30\/european-parliament-hosts-conference-on-down-syndrome\/","url_meta":{"origin":5019,"position":3},"title":"European Parliament hosts conference on Down Syndrome","author":"admin","date":"30\/03\/2017","format":false,"excerpt":"January 24th EHMA attended a mini-conference in the European Parliament on learning disabilities. The conference brought together academic and service experts dealing with the topic of Down Syndrome (DS). Central to the conference were the practices developed by the Down Syndrome Centre in the city of Pula, Croatia. The Centre\u2026","rel":"","context":"U &quot;Novosti&quot;","block_context":{"text":"Novosti","link":"https:\/\/www.downcentar.hr\/hr\/category\/novosti\/"},"img":{"alt_text":"","src":"https:\/\/i0.wp.com\/www.downcentar.hr\/wp-content\/uploads\/2017\/03\/Panel.jpg?fit=1200%2C900&ssl=1&resize=350%2C200","width":350,"height":200,"srcset":"https:\/\/i0.wp.com\/www.downcentar.hr\/wp-content\/uploads\/2017\/03\/Panel.jpg?fit=1200%2C900&ssl=1&resize=350%2C200 1x, https:\/\/i0.wp.com\/www.downcentar.hr\/wp-content\/uploads\/2017\/03\/Panel.jpg?fit=1200%2C900&ssl=1&resize=525%2C300 1.5x, https:\/\/i0.wp.com\/www.downcentar.hr\/wp-content\/uploads\/2017\/03\/Panel.jpg?fit=1200%2C900&ssl=1&resize=700%2C400 2x, https:\/\/i0.wp.com\/www.downcentar.hr\/wp-content\/uploads\/2017\/03\/Panel.jpg?fit=1200%2C900&ssl=1&resize=1050%2C600 3x"},"classes":[]},{"id":4101,"url":"https:\/\/www.downcentar.hr\/hr\/2017\/03\/30\/kava-za-sve-papo-program-predstavljen-u-europskom-parlamentu\/","url_meta":{"origin":5019,"position":4},"title":"Kava za sve &#8211; Papo program predstavljen u Europskom parlamentu&#8230;","author":"admin","date":"30\/03\/2017","format":false,"excerpt":"...Hvala na podr\u0161ci profesorici Sandri \u017divoli\u0107, u\u010denicima, cijeloj S\u0160 Eugen Kumi\u010di\u0107 iz Rovinja i Denisu Bimba\u0161i\u0107, vlasniku Caffe Bara ''Uliks'' u Puli....VOLIMO VAS... :)","rel":"","context":"U &quot;Novosti&quot;","block_context":{"text":"Novosti","link":"https:\/\/www.downcentar.hr\/hr\/category\/novosti\/"},"img":{"alt_text":"","src":"","width":0,"height":0},"classes":[]},{"id":4132,"url":"https:\/\/www.downcentar.hr\/hr\/2017\/03\/30\/europski-parlament-i-dsc-pula\/","url_meta":{"origin":5019,"position":5},"title":"Europski parlament i DSC Pula","author":"admin","date":"30\/03\/2017","format":false,"excerpt":"Europski parlament i DSC Pula.. :) \u00a0","rel":"","context":"U &quot;Novosti&quot;","block_context":{"text":"Novosti","link":"https:\/\/www.downcentar.hr\/hr\/category\/novosti\/"},"img":{"alt_text":"","src":"https:\/\/i0.wp.com\/www.downcentar.hr\/wp-content\/uploads\/2017\/03\/eu-dsc.jpg?fit=1200%2C675&ssl=1&resize=350%2C200","width":350,"height":200,"srcset":"https:\/\/i0.wp.com\/www.downcentar.hr\/wp-content\/uploads\/2017\/03\/eu-dsc.jpg?fit=1200%2C675&ssl=1&resize=350%2C200 1x, https:\/\/i0.wp.com\/www.downcentar.hr\/wp-content\/uploads\/2017\/03\/eu-dsc.jpg?fit=1200%2C675&ssl=1&resize=525%2C300 1.5x, https:\/\/i0.wp.com\/www.downcentar.hr\/wp-content\/uploads\/2017\/03\/eu-dsc.jpg?fit=1200%2C675&ssl=1&resize=700%2C400 2x, https:\/\/i0.wp.com\/www.downcentar.hr\/wp-content\/uploads\/2017\/03\/eu-dsc.jpg?fit=1200%2C675&ssl=1&resize=1050%2C600 3x"},"classes":[]}],"_links":{"self":[{"href":"https:\/\/www.downcentar.hr\/hr\/wp-json\/wp\/v2\/posts\/5019"}],"collection":[{"href":"https:\/\/www.downcentar.hr\/hr\/wp-json\/wp\/v2\/posts"}],"about":[{"href":"https:\/\/www.downcentar.hr\/hr\/wp-json\/wp\/v2\/types\/post"}],"author":[{"embeddable":true,"href":"https:\/\/www.downcentar.hr\/hr\/wp-json\/wp\/v2\/users\/1"}],"replies":[{"embeddable":true,"href":"https:\/\/www.downcentar.hr\/hr\/wp-json\/wp\/v2\/comments?post=5019"}],"version-history":[{"count":1,"href":"https:\/\/www.downcentar.hr\/hr\/wp-json\/wp\/v2\/posts\/5019\/revisions"}],"predecessor-version":[{"id":5022,"href":"https:\/\/www.downcentar.hr\/hr\/wp-json\/wp\/v2\/posts\/5019\/revisions\/5022"}],"wp:featuredmedia":[{"embeddable":true,"href":"https:\/\/www.downcentar.hr\/hr\/wp-json\/wp\/v2\/media\/5021"}],"wp:attachment":[{"href":"https:\/\/www.downcentar.hr\/hr\/wp-json\/wp\/v2\/media?parent=5019"}],"wp:term":[{"taxonomy":"category","embeddable":true,"href":"https:\/\/www.downcentar.hr\/hr\/wp-json\/wp\/v2\/categories?post=5019"},{"taxonomy":"post_tag","embeddable":true,"href":"https:\/\/www.downcentar.hr\/hr\/wp-json\/wp\/v2\/tags?post=5019"}],"curies":[{"name":"wp","href":"https:\/\/api.w.org\/{rel}","templated":true}]}}