{"id":5077,"date":"2019-03-23T10:59:23","date_gmt":"2019-03-23T09:59:23","guid":{"rendered":"http:\/\/www.downcentar.hr\/?p=5077"},"modified":"2019-03-23T10:59:23","modified_gmt":"2019-03-23T09:59:23","slug":"stjepan","status":"publish","type":"post","link":"https:\/\/www.downcentar.hr\/hr\/2019\/03\/23\/stjepan\/","title":{"rendered":"Stjepan &#8230; .)"},"content":{"rendered":"<div id=\"amw_galleria_slideshow_1\" class=\"amw-galleria-slideshow\"><\/div>\n<script type=\"text\/javascript\">jQuery(document).ready(function(){ jQuery(\"#amw_galleria_slideshow_1\").galleria({\"dataSource\":[{\"image\":\"https:\\\/\\\/i0.wp.com\\\/www.downcentar.hr\\\/wp-content\\\/uploads\\\/2019\\\/03\\\/53792620_319368982102241_8228304895501926400_n.jpg?fit=448%2C816&ssl=1\",\"big\":\"https:\\\/\\\/i0.wp.com\\\/www.downcentar.hr\\\/wp-content\\\/uploads\\\/2019\\\/03\\\/53792620_319368982102241_8228304895501926400_n.jpg?fit=448%2C816&ssl=1\",\"thumb\":\"https:\\\/\\\/i0.wp.com\\\/www.downcentar.hr\\\/wp-content\\\/uploads\\\/2019\\\/03\\\/53792620_319368982102241_8228304895501926400_n.jpg?resize=150%2C150&ssl=1\",\"title\":\"53792620_319368982102241_8228304895501926400_n\",\"description\":\"\"},{\"image\":\"https:\\\/\\\/i0.wp.com\\\/www.downcentar.hr\\\/wp-content\\\/uploads\\\/2019\\\/03\\\/IMG_7216.jpg?fit=578%2C433&ssl=1\",\"big\":\"https:\\\/\\\/i0.wp.com\\\/www.downcentar.hr\\\/wp-content\\\/uploads\\\/2019\\\/03\\\/IMG_7216.jpg?fit=578%2C433&ssl=1\",\"thumb\":\"https:\\\/\\\/i0.wp.com\\\/www.downcentar.hr\\\/wp-content\\\/uploads\\\/2019\\\/03\\\/IMG_7216.jpg?resize=150%2C150&ssl=1\",\"title\":\"IMG_7216\",\"description\":\"\"},{\"image\":\"https:\\\/\\\/i0.wp.com\\\/www.downcentar.hr\\\/wp-content\\\/uploads\\\/2019\\\/03\\\/IMG_7236.jpg?fit=578%2C433&ssl=1\",\"big\":\"https:\\\/\\\/i0.wp.com\\\/www.downcentar.hr\\\/wp-content\\\/uploads\\\/2019\\\/03\\\/IMG_7236.jpg?fit=578%2C433&ssl=1\",\"thumb\":\"https:\\\/\\\/i0.wp.com\\\/www.downcentar.hr\\\/wp-content\\\/uploads\\\/2019\\\/03\\\/IMG_7236.jpg?resize=150%2C150&ssl=1\",\"title\":\"IMG_7236\",\"description\":\"\"}],\"width\":\"auto\",\"height\":0.7600000000000000088817841970012523233890533447265625,\"autoplay\":false,\"transition\":\"slide\",\"initialTransition\":\"fade\",\"transitionSpeed\":0,\"_delayTime\":4000,\"_hideControls\":false,\"_thumbnailMode\":\"grid\",\"_captionMode\":\"on_expand\"}); });<\/script>\n<p>Stjepan u DSC Pula &#8230; \ud83d\ude42<\/p>\n","protected":false},"excerpt":{"rendered":"<p>Stjepan u DSC Pula &#8230; \ud83d\ude42<\/p>\n","protected":false},"author":1,"featured_media":5079,"comment_status":"open","ping_status":"open","sticky":false,"template":"","format":"standard","meta":{"pgc_sgb_lightbox_settings":"","jetpack_post_was_ever_published":false,"_jetpack_newsletter_access":"","_jetpack_newsletter_tier_id":0,"footnotes":"","jetpack_publicize_message":"Stjepan ... .)","jetpack_is_tweetstorm":false,"jetpack_publicize_feature_enabled":true,"jetpack_social_post_already_shared":true,"jetpack_social_options":{"image_generator_settings":{"template":"highway","enabled":false}}},"categories":[2],"tags":[],"jetpack_publicize_connections":[],"aioseo_notices":[],"jetpack_featured_media_url":"https:\/\/i0.wp.com\/www.downcentar.hr\/wp-content\/uploads\/2019\/03\/IMG_7216.jpg?fit=739%2C554&ssl=1","jetpack_sharing_enabled":false,"jetpack_shortlink":"https:\/\/wp.me\/s78Mt7-stjepan","jetpack-related-posts":[{"id":2688,"url":"https:\/\/www.downcentar.hr\/hr\/2016\/05\/19\/stjepan-i-family\/","url_meta":{"origin":5077,"position":0},"title":"STJEPAN I FAMILY&#8230;","author":"admin","date":"19\/05\/2016","format":false,"excerpt":"Stjepan i family u DSC Pula...","rel":"","context":"U &quot;Novosti&quot;","block_context":{"text":"Novosti","link":"https:\/\/www.downcentar.hr\/hr\/category\/novosti\/"},"img":{"alt_text":"","src":"https:\/\/i0.wp.com\/www.downcentar.hr\/wp-content\/uploads\/2016\/05\/IMG_5372.jpg?fit=800%2C600&ssl=1&resize=350%2C200","width":350,"height":200,"srcset":"https:\/\/i0.wp.com\/www.downcentar.hr\/wp-content\/uploads\/2016\/05\/IMG_5372.jpg?fit=800%2C600&ssl=1&resize=350%2C200 1x, https:\/\/i0.wp.com\/www.downcentar.hr\/wp-content\/uploads\/2016\/05\/IMG_5372.jpg?fit=800%2C600&ssl=1&resize=525%2C300 1.5x, https:\/\/i0.wp.com\/www.downcentar.hr\/wp-content\/uploads\/2016\/05\/IMG_5372.jpg?fit=800%2C600&ssl=1&resize=700%2C400 2x"},"classes":[]},{"id":2718,"url":"https:\/\/www.downcentar.hr\/hr\/2016\/05\/19\/stjepan-i-mama\/","url_meta":{"origin":5077,"position":1},"title":"STJEPAN I MAMA&#8230;","author":"admin","date":"19\/05\/2016","format":false,"excerpt":"Stjepan i mama u DSC Pula...","rel":"","context":"U &quot;Novosti&quot;","block_context":{"text":"Novosti","link":"https:\/\/www.downcentar.hr\/hr\/category\/novosti\/"},"img":{"alt_text":"","src":"https:\/\/i0.wp.com\/www.downcentar.hr\/wp-content\/uploads\/2016\/05\/IMG_5453.jpg?fit=800%2C600&ssl=1&resize=350%2C200","width":350,"height":200,"srcset":"https:\/\/i0.wp.com\/www.downcentar.hr\/wp-content\/uploads\/2016\/05\/IMG_5453.jpg?fit=800%2C600&ssl=1&resize=350%2C200 1x, https:\/\/i0.wp.com\/www.downcentar.hr\/wp-content\/uploads\/2016\/05\/IMG_5453.jpg?fit=800%2C600&ssl=1&resize=525%2C300 1.5x, https:\/\/i0.wp.com\/www.downcentar.hr\/wp-content\/uploads\/2016\/05\/IMG_5453.jpg?fit=800%2C600&ssl=1&resize=700%2C400 2x"},"classes":[]},{"id":52,"url":"https:\/\/www.downcentar.hr\/hr\/2015\/11\/30\/stjepan-family\/","url_meta":{"origin":5077,"position":2},"title":"Stjepan &#038; Family","author":"admin","date":"30\/11\/2015","format":false,"excerpt":"Boravak Stjepana i Familije u DSC Pula...","rel":"","context":"U &quot;Novosti&quot;","block_context":{"text":"Novosti","link":"https:\/\/www.downcentar.hr\/hr\/category\/novosti\/"},"img":{"alt_text":"","src":"https:\/\/i0.wp.com\/www.downcentar.hr\/wp-content\/uploads\/2015\/11\/s1.jpg?fit=640%2C480&ssl=1&resize=350%2C200","width":350,"height":200,"srcset":"https:\/\/i0.wp.com\/www.downcentar.hr\/wp-content\/uploads\/2015\/11\/s1.jpg?fit=640%2C480&ssl=1&resize=350%2C200 1x, https:\/\/i0.wp.com\/www.downcentar.hr\/wp-content\/uploads\/2015\/11\/s1.jpg?fit=640%2C480&ssl=1&resize=525%2C300 1.5x"},"classes":[]},{"id":4045,"url":"https:\/\/www.downcentar.hr\/hr\/2017\/03\/30\/video-prezentacija-dsc-pula-u-europskom-parlamentu\/","url_meta":{"origin":5077,"position":3},"title":"Video prezentacija DSC Pula u Europskom parlamentu!","author":"admin","date":"30\/03\/2017","format":false,"excerpt":"Video prezentacija DSC Pula u Europskom parlamentu!","rel":"","context":"U &quot;Novosti&quot;","block_context":{"text":"Novosti","link":"https:\/\/www.downcentar.hr\/hr\/category\/novosti\/"},"img":{"alt_text":"","src":"https:\/\/i0.wp.com\/www.downcentar.hr\/wp-content\/uploads\/2017\/03\/dsc-prezentacija.jpg?fit=697%2C348&ssl=1&resize=350%2C200","width":350,"height":200,"srcset":"https:\/\/i0.wp.com\/www.downcentar.hr\/wp-content\/uploads\/2017\/03\/dsc-prezentacija.jpg?fit=697%2C348&ssl=1&resize=350%2C200 1x, https:\/\/i0.wp.com\/www.downcentar.hr\/wp-content\/uploads\/2017\/03\/dsc-prezentacija.jpg?fit=697%2C348&ssl=1&resize=525%2C300 1.5x"},"classes":[]},{"id":5439,"url":"https:\/\/www.downcentar.hr\/hr\/2024\/10\/15\/dsc-pula-mjesto-dobre-prakse\/","url_meta":{"origin":5077,"position":4},"title":"DSC Pula \u2013 mjesto dobre prakse","author":"admin","date":"15\/10\/2024","format":false,"excerpt":"Ve\u0107 drugu godinu za redom u\u010denici Srednje medicinske \u0161kole u Puli dio svoje klini\u010dke nastave provode u Down syndrom centru Pula. Radujemo se da su na\u0161 Centar prepoznali kao mjesto dobre prakse gdje bi mogli ste\u0107i \u0161iroku lepezu interdisciplinarnih kompetencija koje \u0107e im pomo\u0107i u daljnjem obrazovanju ali i cjelokupnom\u2026","rel":"","context":"U &quot;Novosti&quot;","block_context":{"text":"Novosti","link":"https:\/\/www.downcentar.hr\/hr\/category\/novosti\/"},"img":{"alt_text":"","src":"https:\/\/i0.wp.com\/www.downcentar.hr\/wp-content\/uploads\/2024\/10\/1728993038224.jpg?fit=1200%2C677&ssl=1&resize=350%2C200","width":350,"height":200,"srcset":"https:\/\/i0.wp.com\/www.downcentar.hr\/wp-content\/uploads\/2024\/10\/1728993038224.jpg?fit=1200%2C677&ssl=1&resize=350%2C200 1x, https:\/\/i0.wp.com\/www.downcentar.hr\/wp-content\/uploads\/2024\/10\/1728993038224.jpg?fit=1200%2C677&ssl=1&resize=525%2C300 1.5x, https:\/\/i0.wp.com\/www.downcentar.hr\/wp-content\/uploads\/2024\/10\/1728993038224.jpg?fit=1200%2C677&ssl=1&resize=700%2C400 2x, https:\/\/i0.wp.com\/www.downcentar.hr\/wp-content\/uploads\/2024\/10\/1728993038224.jpg?fit=1200%2C677&ssl=1&resize=1050%2C600 3x"},"classes":[]},{"id":3934,"url":"https:\/\/www.downcentar.hr\/hr\/2017\/03\/30\/dsc-pula-sudjelovala-na-world-youth-alliance-europe\/","url_meta":{"origin":5077,"position":5},"title":"DSC Pula sudjelovala na &#8221;WORLD YOUTH ALLIANCE EUROPE&#8221;","author":"admin","date":"30\/03\/2017","format":false,"excerpt":"Ponosni smo \u0161to nas je ''WORLD YOUTH ALLIANCE EUROPE'' pozvao na sudjelovanje u kampanji s ciljem podizanja svijesti o osobama s Down sindromom.... Oni ne mogu imati savr\u0161en par kromosoma, ali su savr\u0161eni u svojoj razli\u010ditosti! Downcentar.hr","rel":"","context":"U &quot;Novosti&quot;","block_context":{"text":"Novosti","link":"https:\/\/www.downcentar.hr\/hr\/category\/novosti\/"},"img":{"alt_text":"","src":"https:\/\/i0.wp.com\/www.downcentar.hr\/wp-content\/uploads\/2017\/03\/wor1.jpg?fit=1200%2C900&ssl=1&resize=350%2C200","width":350,"height":200,"srcset":"https:\/\/i0.wp.com\/www.downcentar.hr\/wp-content\/uploads\/2017\/03\/wor1.jpg?fit=1200%2C900&ssl=1&resize=350%2C200 1x, https:\/\/i0.wp.com\/www.downcentar.hr\/wp-content\/uploads\/2017\/03\/wor1.jpg?fit=1200%2C900&ssl=1&resize=525%2C300 1.5x, https:\/\/i0.wp.com\/www.downcentar.hr\/wp-content\/uploads\/2017\/03\/wor1.jpg?fit=1200%2C900&ssl=1&resize=700%2C400 2x, https:\/\/i0.wp.com\/www.downcentar.hr\/wp-content\/uploads\/2017\/03\/wor1.jpg?fit=1200%2C900&ssl=1&resize=1050%2C600 3x"},"classes":[]}],"_links":{"self":[{"href":"https:\/\/www.downcentar.hr\/hr\/wp-json\/wp\/v2\/posts\/5077"}],"collection":[{"href":"https:\/\/www.downcentar.hr\/hr\/wp-json\/wp\/v2\/posts"}],"about":[{"href":"https:\/\/www.downcentar.hr\/hr\/wp-json\/wp\/v2\/types\/post"}],"author":[{"embeddable":true,"href":"https:\/\/www.downcentar.hr\/hr\/wp-json\/wp\/v2\/users\/1"}],"replies":[{"embeddable":true,"href":"https:\/\/www.downcentar.hr\/hr\/wp-json\/wp\/v2\/comments?post=5077"}],"version-history":[{"count":1,"href":"https:\/\/www.downcentar.hr\/hr\/wp-json\/wp\/v2\/posts\/5077\/revisions"}],"predecessor-version":[{"id":5081,"href":"https:\/\/www.downcentar.hr\/hr\/wp-json\/wp\/v2\/posts\/5077\/revisions\/5081"}],"wp:featuredmedia":[{"embeddable":true,"href":"https:\/\/www.downcentar.hr\/hr\/wp-json\/wp\/v2\/media\/5079"}],"wp:attachment":[{"href":"https:\/\/www.downcentar.hr\/hr\/wp-json\/wp\/v2\/media?parent=5077"}],"wp:term":[{"taxonomy":"category","embeddable":true,"href":"https:\/\/www.downcentar.hr\/hr\/wp-json\/wp\/v2\/categories?post=5077"},{"taxonomy":"post_tag","embeddable":true,"href":"https:\/\/www.downcentar.hr\/hr\/wp-json\/wp\/v2\/tags?post=5077"}],"curies":[{"name":"wp","href":"https:\/\/api.w.org\/{rel}","templated":true}]}}