{"id":5278,"date":"2019-11-29T20:54:59","date_gmt":"2019-11-29T19:54:59","guid":{"rendered":"http:\/\/www.downcentar.hr\/?p=5278"},"modified":"2019-11-29T20:54:59","modified_gmt":"2019-11-29T19:54:59","slug":"navijanje-za-hrvatsku-protiv-gruzije-u-puli","status":"publish","type":"post","link":"https:\/\/www.downcentar.hr\/hr\/2019\/11\/29\/navijanje-za-hrvatsku-protiv-gruzije-u-puli\/","title":{"rendered":"&#8220;Navijanje za Hrvatsku protiv Gruzije u Puli&#8221;"},"content":{"rendered":"<div id=\"amw_galleria_slideshow_1\" class=\"amw-galleria-slideshow\"><\/div>\n<script type=\"text\/javascript\">jQuery(document).ready(function(){ jQuery(\"#amw_galleria_slideshow_1\").galleria({\"dataSource\":[{\"image\":\"https:\\\/\\\/i0.wp.com\\\/www.downcentar.hr\\\/wp-content\\\/uploads\\\/2019\\\/11\\\/IMG_0230.jpg?fit=578%2C433&ssl=1\",\"big\":\"https:\\\/\\\/i0.wp.com\\\/www.downcentar.hr\\\/wp-content\\\/uploads\\\/2019\\\/11\\\/IMG_0230.jpg?fit=578%2C433&ssl=1\",\"thumb\":\"https:\\\/\\\/i0.wp.com\\\/www.downcentar.hr\\\/wp-content\\\/uploads\\\/2019\\\/11\\\/IMG_0230.jpg?resize=150%2C150&ssl=1\",\"title\":\"IMG_0230\",\"description\":\"\"},{\"image\":\"https:\\\/\\\/i0.wp.com\\\/www.downcentar.hr\\\/wp-content\\\/uploads\\\/2019\\\/11\\\/IMG_0232.jpg?fit=578%2C433&ssl=1\",\"big\":\"https:\\\/\\\/i0.wp.com\\\/www.downcentar.hr\\\/wp-content\\\/uploads\\\/2019\\\/11\\\/IMG_0232.jpg?fit=578%2C433&ssl=1\",\"thumb\":\"https:\\\/\\\/i0.wp.com\\\/www.downcentar.hr\\\/wp-content\\\/uploads\\\/2019\\\/11\\\/IMG_0232.jpg?resize=150%2C150&ssl=1\",\"title\":\"IMG_0232\",\"description\":\"\"},{\"image\":\"https:\\\/\\\/i0.wp.com\\\/www.downcentar.hr\\\/wp-content\\\/uploads\\\/2019\\\/11\\\/IMG_0234.jpg?fit=578%2C433&ssl=1\",\"big\":\"https:\\\/\\\/i0.wp.com\\\/www.downcentar.hr\\\/wp-content\\\/uploads\\\/2019\\\/11\\\/IMG_0234.jpg?fit=578%2C433&ssl=1\",\"thumb\":\"https:\\\/\\\/i0.wp.com\\\/www.downcentar.hr\\\/wp-content\\\/uploads\\\/2019\\\/11\\\/IMG_0234.jpg?resize=150%2C150&ssl=1\",\"title\":\"IMG_0234\",\"description\":\"\"},{\"image\":\"https:\\\/\\\/i0.wp.com\\\/www.downcentar.hr\\\/wp-content\\\/uploads\\\/2019\\\/11\\\/IMG_0239.jpg?fit=578%2C433&ssl=1\",\"big\":\"https:\\\/\\\/i0.wp.com\\\/www.downcentar.hr\\\/wp-content\\\/uploads\\\/2019\\\/11\\\/IMG_0239.jpg?fit=578%2C433&ssl=1\",\"thumb\":\"https:\\\/\\\/i0.wp.com\\\/www.downcentar.hr\\\/wp-content\\\/uploads\\\/2019\\\/11\\\/IMG_0239.jpg?resize=150%2C150&ssl=1\",\"title\":\"IMG_0239\",\"description\":\"\"},{\"image\":\"https:\\\/\\\/i0.wp.com\\\/www.downcentar.hr\\\/wp-content\\\/uploads\\\/2019\\\/11\\\/IMG_0167.jpg?fit=578%2C433&ssl=1\",\"big\":\"https:\\\/\\\/i0.wp.com\\\/www.downcentar.hr\\\/wp-content\\\/uploads\\\/2019\\\/11\\\/IMG_0167.jpg?fit=578%2C433&ssl=1\",\"thumb\":\"https:\\\/\\\/i0.wp.com\\\/www.downcentar.hr\\\/wp-content\\\/uploads\\\/2019\\\/11\\\/IMG_0167.jpg?resize=150%2C150&ssl=1\",\"title\":\"IMG_0167\",\"description\":\"\"},{\"image\":\"https:\\\/\\\/i0.wp.com\\\/www.downcentar.hr\\\/wp-content\\\/uploads\\\/2019\\\/11\\\/IMG_0179.jpg?fit=578%2C433&ssl=1\",\"big\":\"https:\\\/\\\/i0.wp.com\\\/www.downcentar.hr\\\/wp-content\\\/uploads\\\/2019\\\/11\\\/IMG_0179.jpg?fit=578%2C433&ssl=1\",\"thumb\":\"https:\\\/\\\/i0.wp.com\\\/www.downcentar.hr\\\/wp-content\\\/uploads\\\/2019\\\/11\\\/IMG_0179.jpg?resize=150%2C150&ssl=1\",\"title\":\"IMG_0179\",\"description\":\"\"},{\"image\":\"https:\\\/\\\/i0.wp.com\\\/www.downcentar.hr\\\/wp-content\\\/uploads\\\/2019\\\/11\\\/IMG_0187.jpg?fit=578%2C433&ssl=1\",\"big\":\"https:\\\/\\\/i0.wp.com\\\/www.downcentar.hr\\\/wp-content\\\/uploads\\\/2019\\\/11\\\/IMG_0187.jpg?fit=578%2C433&ssl=1\",\"thumb\":\"https:\\\/\\\/i0.wp.com\\\/www.downcentar.hr\\\/wp-content\\\/uploads\\\/2019\\\/11\\\/IMG_0187.jpg?resize=150%2C150&ssl=1\",\"title\":\"IMG_0187\",\"description\":\"\"},{\"image\":\"https:\\\/\\\/i0.wp.com\\\/www.downcentar.hr\\\/wp-content\\\/uploads\\\/2019\\\/11\\\/IMG_0226.jpg?fit=578%2C433&ssl=1\",\"big\":\"https:\\\/\\\/i0.wp.com\\\/www.downcentar.hr\\\/wp-content\\\/uploads\\\/2019\\\/11\\\/IMG_0226.jpg?fit=578%2C433&ssl=1\",\"thumb\":\"https:\\\/\\\/i0.wp.com\\\/www.downcentar.hr\\\/wp-content\\\/uploads\\\/2019\\\/11\\\/IMG_0226.jpg?resize=150%2C150&ssl=1\",\"title\":\"IMG_0226\",\"description\":\"\"}],\"width\":\"auto\",\"height\":0.7600000000000000088817841970012523233890533447265625,\"autoplay\":false,\"transition\":\"slide\",\"initialTransition\":\"fade\",\"transitionSpeed\":0,\"_delayTime\":4000,\"_hideControls\":false,\"_thumbnailMode\":\"grid\",\"_captionMode\":\"on_expand\"}); });<\/script>\n<p>DSC Pula &#8211;\u00a0&#8220;Navijanje za Hrvatsku protiv Gruzije u Puli&#8221;<\/p>\n","protected":false},"excerpt":{"rendered":"<p>DSC Pula &#8211;\u00a0&#8220;Navijanje za Hrvatsku protiv Gruzije u Puli&#8221;<\/p>\n","protected":false},"author":1,"featured_media":5283,"comment_status":"open","ping_status":"open","sticky":false,"template":"","format":"standard","meta":{"pgc_sgb_lightbox_settings":"","jetpack_post_was_ever_published":false,"_jetpack_newsletter_access":"","_jetpack_newsletter_tier_id":0,"footnotes":"","jetpack_publicize_message":"\"Navijanje za Hrvatsku protiv Gruzije u Puli\"","jetpack_is_tweetstorm":false,"jetpack_publicize_feature_enabled":true,"jetpack_social_post_already_shared":true,"jetpack_social_options":{"image_generator_settings":{"template":"highway","enabled":false}}},"categories":[2],"tags":[],"jetpack_publicize_connections":[],"aioseo_notices":[],"jetpack_featured_media_url":"https:\/\/i0.wp.com\/www.downcentar.hr\/wp-content\/uploads\/2019\/11\/IMG_0167.jpg?fit=911%2C683&ssl=1","jetpack_sharing_enabled":false,"jetpack_shortlink":"https:\/\/wp.me\/p78Mt7-1n8","jetpack-related-posts":[{"id":5271,"url":"https:\/\/www.downcentar.hr\/hr\/2019\/11\/29\/navijanje-za-hrvatsku-protiv-slovacke-u-rijeci\/","url_meta":{"origin":5278,"position":0},"title":"&#8220;Navijanje za Hrvatsku protiv Slova\u010dke u Rijeci&#8221;","author":"admin","date":"29\/11\/2019","format":false,"excerpt":"DSC PULA -\u00a0\"Navijanje za Hrvatsku protiv Slova\u010dke u Rijeci\"","rel":"","context":"U &quot;Novosti&quot;","block_context":{"text":"Novosti","link":"https:\/\/www.downcentar.hr\/hr\/category\/novosti\/"},"img":{"alt_text":"","src":"https:\/\/i0.wp.com\/www.downcentar.hr\/wp-content\/uploads\/2019\/11\/IMG-3730584735b51736cff2babeeb535a01-V.jpg?fit=1200%2C900&ssl=1&resize=350%2C200","width":350,"height":200,"srcset":"https:\/\/i0.wp.com\/www.downcentar.hr\/wp-content\/uploads\/2019\/11\/IMG-3730584735b51736cff2babeeb535a01-V.jpg?fit=1200%2C900&ssl=1&resize=350%2C200 1x, https:\/\/i0.wp.com\/www.downcentar.hr\/wp-content\/uploads\/2019\/11\/IMG-3730584735b51736cff2babeeb535a01-V.jpg?fit=1200%2C900&ssl=1&resize=525%2C300 1.5x, https:\/\/i0.wp.com\/www.downcentar.hr\/wp-content\/uploads\/2019\/11\/IMG-3730584735b51736cff2babeeb535a01-V.jpg?fit=1200%2C900&ssl=1&resize=700%2C400 2x, https:\/\/i0.wp.com\/www.downcentar.hr\/wp-content\/uploads\/2019\/11\/IMG-3730584735b51736cff2babeeb535a01-V.jpg?fit=1200%2C900&ssl=1&resize=1050%2C600 3x"},"classes":[]},{"id":4135,"url":"https:\/\/www.downcentar.hr\/hr\/2017\/03\/30\/konferencija-o-rehabilitaciji-osoba-s-downovim-sindromom\/","url_meta":{"origin":5278,"position":1},"title":"Konferencija o rehabilitaciji osoba s Downovim sindromom","author":"admin","date":"30\/03\/2017","format":false,"excerpt":"Na poziv hrvatskih zastupnika u Europskom parlamentu Dubravke \u0160uice, Ivane Maleti\u0107 i Ivana Jakov\u010di\u0107a te u suradnji s Centrom za rehabilitaciju za osobe s Downovim sindromom (DS) i njihove obitelji u Puli, u Bruxellesu je danas odr\u017eana konferencija pod naslovom \u201eVi\u0161edisciplinarna rehabilitacija osoba s Downovim sindromom - uvjet za integraciju\u201c.\u2026","rel":"","context":"U &quot;Novosti&quot;","block_context":{"text":"Novosti","link":"https:\/\/www.downcentar.hr\/hr\/category\/novosti\/"},"img":{"alt_text":"","src":"https:\/\/i0.wp.com\/www.downcentar.hr\/wp-content\/uploads\/2017\/03\/image2.jpg?fit=620%2C413&ssl=1&resize=350%2C200","width":350,"height":200,"srcset":"https:\/\/i0.wp.com\/www.downcentar.hr\/wp-content\/uploads\/2017\/03\/image2.jpg?fit=620%2C413&ssl=1&resize=350%2C200 1x, https:\/\/i0.wp.com\/www.downcentar.hr\/wp-content\/uploads\/2017\/03\/image2.jpg?fit=620%2C413&ssl=1&resize=525%2C300 1.5x"},"classes":[]},{"id":922,"url":"https:\/\/www.downcentar.hr\/hr\/2016\/02\/12\/leon-mama\/","url_meta":{"origin":5278,"position":2},"title":"LEON &#038; MAMA..:))","author":"admin","date":"12\/02\/2016","format":false,"excerpt":"Leon & Mama u rehabilitacijskom Centru za Down syndrome u Puli...","rel":"","context":"U &quot;Novosti&quot;","block_context":{"text":"Novosti","link":"https:\/\/www.downcentar.hr\/hr\/category\/novosti\/"},"img":{"alt_text":"","src":"https:\/\/i0.wp.com\/www.downcentar.hr\/wp-content\/uploads\/2016\/02\/IMG_0753.jpg?fit=788%2C591&ssl=1&resize=350%2C200","width":350,"height":200,"srcset":"https:\/\/i0.wp.com\/www.downcentar.hr\/wp-content\/uploads\/2016\/02\/IMG_0753.jpg?fit=788%2C591&ssl=1&resize=350%2C200 1x, https:\/\/i0.wp.com\/www.downcentar.hr\/wp-content\/uploads\/2016\/02\/IMG_0753.jpg?fit=788%2C591&ssl=1&resize=525%2C300 1.5x, https:\/\/i0.wp.com\/www.downcentar.hr\/wp-content\/uploads\/2016\/02\/IMG_0753.jpg?fit=788%2C591&ssl=1&resize=700%2C400 2x"},"classes":[]},{"id":4101,"url":"https:\/\/www.downcentar.hr\/hr\/2017\/03\/30\/kava-za-sve-papo-program-predstavljen-u-europskom-parlamentu\/","url_meta":{"origin":5278,"position":3},"title":"Kava za sve &#8211; Papo program predstavljen u Europskom parlamentu&#8230;","author":"admin","date":"30\/03\/2017","format":false,"excerpt":"...Hvala na podr\u0161ci profesorici Sandri \u017divoli\u0107, u\u010denicima, cijeloj S\u0160 Eugen Kumi\u010di\u0107 iz Rovinja i Denisu Bimba\u0161i\u0107, vlasniku Caffe Bara ''Uliks'' u Puli....VOLIMO VAS... :)","rel":"","context":"U &quot;Novosti&quot;","block_context":{"text":"Novosti","link":"https:\/\/www.downcentar.hr\/hr\/category\/novosti\/"},"img":{"alt_text":"","src":"","width":0,"height":0},"classes":[]},{"id":941,"url":"https:\/\/www.downcentar.hr\/hr\/2016\/02\/12\/martin-family\/","url_meta":{"origin":5278,"position":4},"title":"MARTIN &#038; FAMILY&#8230;:)))","author":"admin","date":"12\/02\/2016","format":false,"excerpt":"Martin & Family u Rehabilitacijskom centru za Down Syndrome u Puli. kako je to izgledalo pogledajte vi\u0161e u fotogaleriji....","rel":"","context":"U &quot;Novosti&quot;","block_context":{"text":"Novosti","link":"https:\/\/www.downcentar.hr\/hr\/category\/novosti\/"},"img":{"alt_text":"","src":"https:\/\/i0.wp.com\/www.downcentar.hr\/wp-content\/uploads\/2016\/02\/IMG_0422.jpg?fit=788%2C591&ssl=1&resize=350%2C200","width":350,"height":200,"srcset":"https:\/\/i0.wp.com\/www.downcentar.hr\/wp-content\/uploads\/2016\/02\/IMG_0422.jpg?fit=788%2C591&ssl=1&resize=350%2C200 1x, https:\/\/i0.wp.com\/www.downcentar.hr\/wp-content\/uploads\/2016\/02\/IMG_0422.jpg?fit=788%2C591&ssl=1&resize=525%2C300 1.5x, https:\/\/i0.wp.com\/www.downcentar.hr\/wp-content\/uploads\/2016\/02\/IMG_0422.jpg?fit=788%2C591&ssl=1&resize=700%2C400 2x"},"classes":[]},{"id":4051,"url":"https:\/\/www.downcentar.hr\/hr\/2017\/03\/30\/djevojke-i-mladici-posluzivali-kavu-i-kolace-u-lokalu-u-parlamentu\/","url_meta":{"origin":5278,"position":5},"title":"Djevojke i mladi\u0107i poslu\u017eivali kavu i kola\u010de u lokalu u Parlamentu","author":"admin","date":"30\/03\/2017","format":false,"excerpt":"Evo kako to Centar za rehabilitaciju za Down sindrom u Puli radi s mladima; djevojke i mladi\u0107i su poslu\u017eivali kavu i kola\u010de u jednom lokalu u Parlamentu na op\u0107e odu\u0161evljenje. Bravo za ekipu!","rel":"","context":"U &quot;Novosti&quot;","block_context":{"text":"Novosti","link":"https:\/\/www.downcentar.hr\/hr\/category\/novosti\/"},"img":{"alt_text":"","src":"https:\/\/i0.wp.com\/www.downcentar.hr\/wp-content\/uploads\/2017\/03\/par-1.jpg?fit=960%2C720&ssl=1&resize=350%2C200","width":350,"height":200,"srcset":"https:\/\/i0.wp.com\/www.downcentar.hr\/wp-content\/uploads\/2017\/03\/par-1.jpg?fit=960%2C720&ssl=1&resize=350%2C200 1x, https:\/\/i0.wp.com\/www.downcentar.hr\/wp-content\/uploads\/2017\/03\/par-1.jpg?fit=960%2C720&ssl=1&resize=525%2C300 1.5x, https:\/\/i0.wp.com\/www.downcentar.hr\/wp-content\/uploads\/2017\/03\/par-1.jpg?fit=960%2C720&ssl=1&resize=700%2C400 2x"},"classes":[]}],"_links":{"self":[{"href":"https:\/\/www.downcentar.hr\/hr\/wp-json\/wp\/v2\/posts\/5278"}],"collection":[{"href":"https:\/\/www.downcentar.hr\/hr\/wp-json\/wp\/v2\/posts"}],"about":[{"href":"https:\/\/www.downcentar.hr\/hr\/wp-json\/wp\/v2\/types\/post"}],"author":[{"embeddable":true,"href":"https:\/\/www.downcentar.hr\/hr\/wp-json\/wp\/v2\/users\/1"}],"replies":[{"embeddable":true,"href":"https:\/\/www.downcentar.hr\/hr\/wp-json\/wp\/v2\/comments?post=5278"}],"version-history":[{"count":1,"href":"https:\/\/www.downcentar.hr\/hr\/wp-json\/wp\/v2\/posts\/5278\/revisions"}],"predecessor-version":[{"id":5287,"href":"https:\/\/www.downcentar.hr\/hr\/wp-json\/wp\/v2\/posts\/5278\/revisions\/5287"}],"wp:featuredmedia":[{"embeddable":true,"href":"https:\/\/www.downcentar.hr\/hr\/wp-json\/wp\/v2\/media\/5283"}],"wp:attachment":[{"href":"https:\/\/www.downcentar.hr\/hr\/wp-json\/wp\/v2\/media?parent=5278"}],"wp:term":[{"taxonomy":"category","embeddable":true,"href":"https:\/\/www.downcentar.hr\/hr\/wp-json\/wp\/v2\/categories?post=5278"},{"taxonomy":"post_tag","embeddable":true,"href":"https:\/\/www.downcentar.hr\/hr\/wp-json\/wp\/v2\/tags?post=5278"}],"curies":[{"name":"wp","href":"https:\/\/api.w.org\/{rel}","templated":true}]}}