{"id":5288,"date":"2019-11-29T21:00:31","date_gmt":"2019-11-29T20:00:31","guid":{"rendered":"http:\/\/www.downcentar.hr\/?p=5288"},"modified":"2019-11-29T21:00:31","modified_gmt":"2019-11-29T20:00:31","slug":"uzivanje-u-zagrebu","status":"publish","type":"post","link":"https:\/\/www.downcentar.hr\/hr\/2019\/11\/29\/uzivanje-u-zagrebu\/","title":{"rendered":"U\u017eivanje u Zagrebu"},"content":{"rendered":"<div id=\"amw_galleria_slideshow_1\" class=\"amw-galleria-slideshow\"><\/div>\n<script type=\"text\/javascript\">jQuery(document).ready(function(){ jQuery(\"#amw_galleria_slideshow_1\").galleria({\"dataSource\":[{\"image\":\"https:\\\/\\\/i0.wp.com\\\/www.downcentar.hr\\\/wp-content\\\/uploads\\\/2019\\\/11\\\/IMG_0121.jpg?fit=578%2C433&ssl=1\",\"big\":\"https:\\\/\\\/i0.wp.com\\\/www.downcentar.hr\\\/wp-content\\\/uploads\\\/2019\\\/11\\\/IMG_0121.jpg?fit=578%2C433&ssl=1\",\"thumb\":\"https:\\\/\\\/i0.wp.com\\\/www.downcentar.hr\\\/wp-content\\\/uploads\\\/2019\\\/11\\\/IMG_0121.jpg?resize=150%2C150&ssl=1\",\"title\":\"IMG_0121\",\"description\":\"\"},{\"image\":\"https:\\\/\\\/i0.wp.com\\\/www.downcentar.hr\\\/wp-content\\\/uploads\\\/2019\\\/11\\\/IMG_0123.jpg?fit=578%2C433&ssl=1\",\"big\":\"https:\\\/\\\/i0.wp.com\\\/www.downcentar.hr\\\/wp-content\\\/uploads\\\/2019\\\/11\\\/IMG_0123.jpg?fit=578%2C433&ssl=1\",\"thumb\":\"https:\\\/\\\/i0.wp.com\\\/www.downcentar.hr\\\/wp-content\\\/uploads\\\/2019\\\/11\\\/IMG_0123.jpg?resize=150%2C150&ssl=1\",\"title\":\"IMG_0123\",\"description\":\"\"},{\"image\":\"https:\\\/\\\/i0.wp.com\\\/www.downcentar.hr\\\/wp-content\\\/uploads\\\/2019\\\/11\\\/IMG_0126.jpg?fit=578%2C433&ssl=1\",\"big\":\"https:\\\/\\\/i0.wp.com\\\/www.downcentar.hr\\\/wp-content\\\/uploads\\\/2019\\\/11\\\/IMG_0126.jpg?fit=578%2C433&ssl=1\",\"thumb\":\"https:\\\/\\\/i0.wp.com\\\/www.downcentar.hr\\\/wp-content\\\/uploads\\\/2019\\\/11\\\/IMG_0126.jpg?resize=150%2C150&ssl=1\",\"title\":\"IMG_0126\",\"description\":\"\"},{\"image\":\"https:\\\/\\\/i0.wp.com\\\/www.downcentar.hr\\\/wp-content\\\/uploads\\\/2019\\\/11\\\/IMG_0137.jpg?fit=578%2C433&ssl=1\",\"big\":\"https:\\\/\\\/i0.wp.com\\\/www.downcentar.hr\\\/wp-content\\\/uploads\\\/2019\\\/11\\\/IMG_0137.jpg?fit=578%2C433&ssl=1\",\"thumb\":\"https:\\\/\\\/i0.wp.com\\\/www.downcentar.hr\\\/wp-content\\\/uploads\\\/2019\\\/11\\\/IMG_0137.jpg?resize=150%2C150&ssl=1\",\"title\":\"IMG_0137\",\"description\":\"\"},{\"image\":\"https:\\\/\\\/i0.wp.com\\\/www.downcentar.hr\\\/wp-content\\\/uploads\\\/2019\\\/11\\\/IMG_0148.jpg?fit=578%2C433&ssl=1\",\"big\":\"https:\\\/\\\/i0.wp.com\\\/www.downcentar.hr\\\/wp-content\\\/uploads\\\/2019\\\/11\\\/IMG_0148.jpg?fit=578%2C433&ssl=1\",\"thumb\":\"https:\\\/\\\/i0.wp.com\\\/www.downcentar.hr\\\/wp-content\\\/uploads\\\/2019\\\/11\\\/IMG_0148.jpg?resize=150%2C150&ssl=1\",\"title\":\"IMG_0148\",\"description\":\"\"},{\"image\":\"https:\\\/\\\/i0.wp.com\\\/www.downcentar.hr\\\/wp-content\\\/uploads\\\/2019\\\/11\\\/IMG_0149.jpg?fit=578%2C433&ssl=1\",\"big\":\"https:\\\/\\\/i0.wp.com\\\/www.downcentar.hr\\\/wp-content\\\/uploads\\\/2019\\\/11\\\/IMG_0149.jpg?fit=578%2C433&ssl=1\",\"thumb\":\"https:\\\/\\\/i0.wp.com\\\/www.downcentar.hr\\\/wp-content\\\/uploads\\\/2019\\\/11\\\/IMG_0149.jpg?resize=150%2C150&ssl=1\",\"title\":\"IMG_0149\",\"description\":\"\"}],\"width\":\"auto\",\"height\":0.7600000000000000088817841970012523233890533447265625,\"autoplay\":false,\"transition\":\"slide\",\"initialTransition\":\"fade\",\"transitionSpeed\":0,\"_delayTime\":4000,\"_hideControls\":false,\"_thumbnailMode\":\"grid\",\"_captionMode\":\"on_expand\"}); });<\/script>\n<p>DSC Pula &#8211; &#8221;U\u017eivanje u Zagrebu&#8221;<\/p>\n","protected":false},"excerpt":{"rendered":"<p>DSC Pula &#8211; &#8221;U\u017eivanje u Zagrebu&#8221;<\/p>\n","protected":false},"author":1,"featured_media":5290,"comment_status":"open","ping_status":"open","sticky":false,"template":"","format":"standard","meta":{"pgc_sgb_lightbox_settings":"","jetpack_post_was_ever_published":false,"_jetpack_newsletter_access":"","_jetpack_newsletter_tier_id":0,"footnotes":"","jetpack_publicize_message":"","jetpack_is_tweetstorm":false,"jetpack_publicize_feature_enabled":true,"jetpack_social_post_already_shared":true,"jetpack_social_options":{"image_generator_settings":{"template":"highway","enabled":false}}},"categories":[2],"tags":[],"jetpack_publicize_connections":[],"aioseo_notices":[],"jetpack_featured_media_url":"https:\/\/i0.wp.com\/www.downcentar.hr\/wp-content\/uploads\/2019\/11\/IMG_0123.jpg?fit=911%2C683&ssl=1","jetpack_sharing_enabled":false,"jetpack_shortlink":"https:\/\/wp.me\/p78Mt7-1ni","jetpack-related-posts":[{"id":2656,"url":"https:\/\/www.downcentar.hr\/hr\/2016\/05\/18\/uzivanje-u-sijanskoj-sumi\/","url_meta":{"origin":5288,"position":0},"title":"U\u017dIVANJE U \u0160IJANSKOJ \u0160UMI&#8230;. :)","author":"admin","date":"18\/05\/2016","format":false,"excerpt":"U\u017eivanje u ''\u0160ijanskoj \u0161umi''... :)","rel":"","context":"U &quot;Novosti&quot;","block_context":{"text":"Novosti","link":"https:\/\/www.downcentar.hr\/hr\/category\/novosti\/"},"img":{"alt_text":"","src":"","width":0,"height":0},"classes":[]},{"id":5331,"url":"https:\/\/www.downcentar.hr\/hr\/2019\/12\/15\/advent-u-zagrebu\/","url_meta":{"origin":5288,"position":1},"title":"Advent u Zagrebu","author":"admin","date":"15\/12\/2019","format":false,"excerpt":"Advent u Zagrebu...","rel":"","context":"U &quot;Novosti&quot;","block_context":{"text":"Novosti","link":"https:\/\/www.downcentar.hr\/hr\/category\/novosti\/"},"img":{"alt_text":"","src":"https:\/\/i0.wp.com\/www.downcentar.hr\/wp-content\/uploads\/2019\/12\/IMG_20191207_170814_1.jpg?fit=887%2C665&ssl=1&resize=350%2C200","width":350,"height":200,"srcset":"https:\/\/i0.wp.com\/www.downcentar.hr\/wp-content\/uploads\/2019\/12\/IMG_20191207_170814_1.jpg?fit=887%2C665&ssl=1&resize=350%2C200 1x, https:\/\/i0.wp.com\/www.downcentar.hr\/wp-content\/uploads\/2019\/12\/IMG_20191207_170814_1.jpg?fit=887%2C665&ssl=1&resize=525%2C300 1.5x, https:\/\/i0.wp.com\/www.downcentar.hr\/wp-content\/uploads\/2019\/12\/IMG_20191207_170814_1.jpg?fit=887%2C665&ssl=1&resize=700%2C400 2x"},"classes":[]},{"id":4388,"url":"https:\/\/www.downcentar.hr\/hr\/2017\/10\/11\/rujan-u-zagrebu\/","url_meta":{"origin":5288,"position":2},"title":"Rujan u Zagrebu","author":"admin","date":"11\/10\/2017","format":false,"excerpt":"Posjetili smo na\u0161eg najfrizera Marka, bili u tunelu u kojem pada ki\u0161a, dru\u017eili se, u\u017eivali :)","rel":"","context":"U &quot;Novosti&quot;","block_context":{"text":"Novosti","link":"https:\/\/www.downcentar.hr\/hr\/category\/novosti\/"},"img":{"alt_text":"","src":"https:\/\/i0.wp.com\/www.downcentar.hr\/wp-content\/uploads\/2017\/10\/IMG_3398.jpg?fit=936%2C702&ssl=1&resize=350%2C200","width":350,"height":200,"srcset":"https:\/\/i0.wp.com\/www.downcentar.hr\/wp-content\/uploads\/2017\/10\/IMG_3398.jpg?fit=936%2C702&ssl=1&resize=350%2C200 1x, https:\/\/i0.wp.com\/www.downcentar.hr\/wp-content\/uploads\/2017\/10\/IMG_3398.jpg?fit=936%2C702&ssl=1&resize=525%2C300 1.5x, https:\/\/i0.wp.com\/www.downcentar.hr\/wp-content\/uploads\/2017\/10\/IMG_3398.jpg?fit=936%2C702&ssl=1&resize=700%2C400 2x"},"classes":[]},{"id":4604,"url":"https:\/\/www.downcentar.hr\/hr\/2017\/12\/10\/uzivanje-do-kasnih-nocnih-sati-s-akijem-i-parnim-valjkom\/","url_meta":{"origin":5288,"position":3},"title":"U\u017eivanje do kasnih no\u0107nih sati s Akijem i Parnim Valjkom","author":"admin","date":"10\/12\/2017","format":false,"excerpt":"U\u017eivanje do kasnih no\u0107nih sati s Akijem i Parnim Valjkom... :)","rel":"","context":"U &quot;Novosti&quot;","block_context":{"text":"Novosti","link":"https:\/\/www.downcentar.hr\/hr\/category\/novosti\/"},"img":{"alt_text":"","src":"https:\/\/i0.wp.com\/www.downcentar.hr\/wp-content\/uploads\/2017\/12\/3b.jpg?fit=960%2C720&ssl=1&resize=350%2C200","width":350,"height":200,"srcset":"https:\/\/i0.wp.com\/www.downcentar.hr\/wp-content\/uploads\/2017\/12\/3b.jpg?fit=960%2C720&ssl=1&resize=350%2C200 1x, https:\/\/i0.wp.com\/www.downcentar.hr\/wp-content\/uploads\/2017\/12\/3b.jpg?fit=960%2C720&ssl=1&resize=525%2C300 1.5x, https:\/\/i0.wp.com\/www.downcentar.hr\/wp-content\/uploads\/2017\/12\/3b.jpg?fit=960%2C720&ssl=1&resize=700%2C400 2x"},"classes":[]},{"id":334,"url":"https:\/\/www.downcentar.hr\/hr\/2015\/12\/21\/dsc-pula-na-advent-u-u-zagrebu\/","url_meta":{"origin":5288,"position":4},"title":"DSC Pula na Advent-u u Zagrebu","author":"admin","date":"21\/12\/2015","format":false,"excerpt":"Posjeta DSC Pula Advent-a u Zagrebu...","rel":"","context":"U &quot;Novosti&quot;","block_context":{"text":"Novosti","link":"https:\/\/www.downcentar.hr\/hr\/category\/novosti\/"},"img":{"alt_text":"","src":"https:\/\/i0.wp.com\/www.downcentar.hr\/wp-content\/uploads\/2015\/12\/12374759_856460021119517_1492204635595115323_o.jpg?fit=862%2C647&ssl=1&resize=350%2C200","width":350,"height":200,"srcset":"https:\/\/i0.wp.com\/www.downcentar.hr\/wp-content\/uploads\/2015\/12\/12374759_856460021119517_1492204635595115323_o.jpg?fit=862%2C647&ssl=1&resize=350%2C200 1x, https:\/\/i0.wp.com\/www.downcentar.hr\/wp-content\/uploads\/2015\/12\/12374759_856460021119517_1492204635595115323_o.jpg?fit=862%2C647&ssl=1&resize=525%2C300 1.5x, https:\/\/i0.wp.com\/www.downcentar.hr\/wp-content\/uploads\/2015\/12\/12374759_856460021119517_1492204635595115323_o.jpg?fit=862%2C647&ssl=1&resize=700%2C400 2x"},"classes":[]},{"id":4045,"url":"https:\/\/www.downcentar.hr\/hr\/2017\/03\/30\/video-prezentacija-dsc-pula-u-europskom-parlamentu\/","url_meta":{"origin":5288,"position":5},"title":"Video prezentacija DSC Pula u Europskom parlamentu!","author":"admin","date":"30\/03\/2017","format":false,"excerpt":"Video prezentacija DSC Pula u Europskom parlamentu!","rel":"","context":"U &quot;Novosti&quot;","block_context":{"text":"Novosti","link":"https:\/\/www.downcentar.hr\/hr\/category\/novosti\/"},"img":{"alt_text":"","src":"https:\/\/i0.wp.com\/www.downcentar.hr\/wp-content\/uploads\/2017\/03\/dsc-prezentacija.jpg?fit=697%2C348&ssl=1&resize=350%2C200","width":350,"height":200,"srcset":"https:\/\/i0.wp.com\/www.downcentar.hr\/wp-content\/uploads\/2017\/03\/dsc-prezentacija.jpg?fit=697%2C348&ssl=1&resize=350%2C200 1x, https:\/\/i0.wp.com\/www.downcentar.hr\/wp-content\/uploads\/2017\/03\/dsc-prezentacija.jpg?fit=697%2C348&ssl=1&resize=525%2C300 1.5x"},"classes":[]}],"_links":{"self":[{"href":"https:\/\/www.downcentar.hr\/hr\/wp-json\/wp\/v2\/posts\/5288"}],"collection":[{"href":"https:\/\/www.downcentar.hr\/hr\/wp-json\/wp\/v2\/posts"}],"about":[{"href":"https:\/\/www.downcentar.hr\/hr\/wp-json\/wp\/v2\/types\/post"}],"author":[{"embeddable":true,"href":"https:\/\/www.downcentar.hr\/hr\/wp-json\/wp\/v2\/users\/1"}],"replies":[{"embeddable":true,"href":"https:\/\/www.downcentar.hr\/hr\/wp-json\/wp\/v2\/comments?post=5288"}],"version-history":[{"count":1,"href":"https:\/\/www.downcentar.hr\/hr\/wp-json\/wp\/v2\/posts\/5288\/revisions"}],"predecessor-version":[{"id":5295,"href":"https:\/\/www.downcentar.hr\/hr\/wp-json\/wp\/v2\/posts\/5288\/revisions\/5295"}],"wp:featuredmedia":[{"embeddable":true,"href":"https:\/\/www.downcentar.hr\/hr\/wp-json\/wp\/v2\/media\/5290"}],"wp:attachment":[{"href":"https:\/\/www.downcentar.hr\/hr\/wp-json\/wp\/v2\/media?parent=5288"}],"wp:term":[{"taxonomy":"category","embeddable":true,"href":"https:\/\/www.downcentar.hr\/hr\/wp-json\/wp\/v2\/categories?post=5288"},{"taxonomy":"post_tag","embeddable":true,"href":"https:\/\/www.downcentar.hr\/hr\/wp-json\/wp\/v2\/tags?post=5288"}],"curies":[{"name":"wp","href":"https:\/\/api.w.org\/{rel}","templated":true}]}}