{"id":767,"date":"2016-02-06T08:35:05","date_gmt":"2016-02-06T08:35:05","guid":{"rendered":"http:\/\/www.downcentar.hr\/?p=767"},"modified":"2016-02-06T08:55:29","modified_gmt":"2016-02-06T08:55:29","slug":"karolina-u-uliksu","status":"publish","type":"post","link":"https:\/\/www.downcentar.hr\/hr\/2016\/02\/06\/karolina-u-uliksu\/","title":{"rendered":"Karolina u Uliksu (Video)"},"content":{"rendered":"<div id=\"amw_galleria_slideshow_1\" class=\"amw-galleria-slideshow\"><\/div>\n<script type=\"text\/javascript\">jQuery(document).ready(function(){ jQuery(\"#amw_galleria_slideshow_1\").galleria({\"dataSource\":[{\"image\":\"https:\\\/\\\/i0.wp.com\\\/www.downcentar.hr\\\/wp-content\\\/uploads\\\/2016\\\/02\\\/IMG_0349.jpg?fit=578%2C770&ssl=1\",\"big\":\"https:\\\/\\\/i0.wp.com\\\/www.downcentar.hr\\\/wp-content\\\/uploads\\\/2016\\\/02\\\/IMG_0349.jpg?fit=578%2C770&ssl=1\",\"thumb\":\"https:\\\/\\\/i0.wp.com\\\/www.downcentar.hr\\\/wp-content\\\/uploads\\\/2016\\\/02\\\/IMG_0349.jpg?resize=150%2C150&ssl=1\",\"title\":\"IMG_0349\",\"description\":\"\"},{\"image\":\"https:\\\/\\\/i0.wp.com\\\/www.downcentar.hr\\\/wp-content\\\/uploads\\\/2016\\\/02\\\/IMG_0350.jpg?fit=578%2C770&ssl=1\",\"big\":\"https:\\\/\\\/i0.wp.com\\\/www.downcentar.hr\\\/wp-content\\\/uploads\\\/2016\\\/02\\\/IMG_0350.jpg?fit=578%2C770&ssl=1\",\"thumb\":\"https:\\\/\\\/i0.wp.com\\\/www.downcentar.hr\\\/wp-content\\\/uploads\\\/2016\\\/02\\\/IMG_0350.jpg?resize=150%2C150&ssl=1\",\"title\":\"IMG_0350\",\"description\":\"\"},{\"image\":\"https:\\\/\\\/i0.wp.com\\\/www.downcentar.hr\\\/wp-content\\\/uploads\\\/2016\\\/02\\\/IMG_0352.jpg?fit=578%2C434&ssl=1\",\"big\":\"https:\\\/\\\/i0.wp.com\\\/www.downcentar.hr\\\/wp-content\\\/uploads\\\/2016\\\/02\\\/IMG_0352.jpg?fit=578%2C434&ssl=1\",\"thumb\":\"https:\\\/\\\/i0.wp.com\\\/www.downcentar.hr\\\/wp-content\\\/uploads\\\/2016\\\/02\\\/IMG_0352.jpg?resize=150%2C150&ssl=1\",\"title\":\"IMG_0352\",\"description\":\"\"},{\"image\":\"https:\\\/\\\/i0.wp.com\\\/www.downcentar.hr\\\/wp-content\\\/uploads\\\/2016\\\/02\\\/IMG_0353.jpg?fit=578%2C434&ssl=1\",\"big\":\"https:\\\/\\\/i0.wp.com\\\/www.downcentar.hr\\\/wp-content\\\/uploads\\\/2016\\\/02\\\/IMG_0353.jpg?fit=578%2C434&ssl=1\",\"thumb\":\"https:\\\/\\\/i0.wp.com\\\/www.downcentar.hr\\\/wp-content\\\/uploads\\\/2016\\\/02\\\/IMG_0353.jpg?resize=150%2C150&ssl=1\",\"title\":\"IMG_0353\",\"description\":\"\"},{\"image\":\"https:\\\/\\\/i0.wp.com\\\/www.downcentar.hr\\\/wp-content\\\/uploads\\\/2016\\\/02\\\/IMG_0354.jpg?fit=578%2C434&ssl=1\",\"big\":\"https:\\\/\\\/i0.wp.com\\\/www.downcentar.hr\\\/wp-content\\\/uploads\\\/2016\\\/02\\\/IMG_0354.jpg?fit=578%2C434&ssl=1\",\"thumb\":\"https:\\\/\\\/i0.wp.com\\\/www.downcentar.hr\\\/wp-content\\\/uploads\\\/2016\\\/02\\\/IMG_0354.jpg?resize=150%2C150&ssl=1\",\"title\":\"IMG_0354\",\"description\":\"\"},{\"image\":\"https:\\\/\\\/i0.wp.com\\\/www.downcentar.hr\\\/wp-content\\\/uploads\\\/2016\\\/02\\\/IMG_0355.jpg?fit=578%2C434&ssl=1\",\"big\":\"https:\\\/\\\/i0.wp.com\\\/www.downcentar.hr\\\/wp-content\\\/uploads\\\/2016\\\/02\\\/IMG_0355.jpg?fit=578%2C434&ssl=1\",\"thumb\":\"https:\\\/\\\/i0.wp.com\\\/www.downcentar.hr\\\/wp-content\\\/uploads\\\/2016\\\/02\\\/IMG_0355.jpg?resize=150%2C150&ssl=1\",\"title\":\"IMG_0355\",\"description\":\"\"},{\"image\":\"https:\\\/\\\/i0.wp.com\\\/www.downcentar.hr\\\/wp-content\\\/uploads\\\/2016\\\/02\\\/IMG_0356.jpg?fit=578%2C434&ssl=1\",\"big\":\"https:\\\/\\\/i0.wp.com\\\/www.downcentar.hr\\\/wp-content\\\/uploads\\\/2016\\\/02\\\/IMG_0356.jpg?fit=578%2C434&ssl=1\",\"thumb\":\"https:\\\/\\\/i0.wp.com\\\/www.downcentar.hr\\\/wp-content\\\/uploads\\\/2016\\\/02\\\/IMG_0356.jpg?resize=150%2C150&ssl=1\",\"title\":\"IMG_0356\",\"description\":\"\"},{\"image\":\"https:\\\/\\\/i0.wp.com\\\/www.downcentar.hr\\\/wp-content\\\/uploads\\\/2016\\\/02\\\/IMG_0357.jpg?fit=578%2C434&ssl=1\",\"big\":\"https:\\\/\\\/i0.wp.com\\\/www.downcentar.hr\\\/wp-content\\\/uploads\\\/2016\\\/02\\\/IMG_0357.jpg?fit=578%2C434&ssl=1\",\"thumb\":\"https:\\\/\\\/i0.wp.com\\\/www.downcentar.hr\\\/wp-content\\\/uploads\\\/2016\\\/02\\\/IMG_0357.jpg?resize=150%2C150&ssl=1\",\"title\":\"IMG_0357\",\"description\":\"\"},{\"image\":\"https:\\\/\\\/i0.wp.com\\\/www.downcentar.hr\\\/wp-content\\\/uploads\\\/2016\\\/02\\\/IMG_0361.jpg?fit=578%2C434&ssl=1\",\"big\":\"https:\\\/\\\/i0.wp.com\\\/www.downcentar.hr\\\/wp-content\\\/uploads\\\/2016\\\/02\\\/IMG_0361.jpg?fit=578%2C434&ssl=1\",\"thumb\":\"https:\\\/\\\/i0.wp.com\\\/www.downcentar.hr\\\/wp-content\\\/uploads\\\/2016\\\/02\\\/IMG_0361.jpg?resize=150%2C150&ssl=1\",\"title\":\"IMG_0361\",\"description\":\"\"},{\"image\":\"https:\\\/\\\/i0.wp.com\\\/www.downcentar.hr\\\/wp-content\\\/uploads\\\/2016\\\/02\\\/IMG_0362.jpg?fit=578%2C434&ssl=1\",\"big\":\"https:\\\/\\\/i0.wp.com\\\/www.downcentar.hr\\\/wp-content\\\/uploads\\\/2016\\\/02\\\/IMG_0362.jpg?fit=578%2C434&ssl=1\",\"thumb\":\"https:\\\/\\\/i0.wp.com\\\/www.downcentar.hr\\\/wp-content\\\/uploads\\\/2016\\\/02\\\/IMG_0362.jpg?resize=150%2C150&ssl=1\",\"title\":\"IMG_0362\",\"description\":\"\"},{\"image\":\"https:\\\/\\\/i0.wp.com\\\/www.downcentar.hr\\\/wp-content\\\/uploads\\\/2016\\\/02\\\/IMG_0363.jpg?fit=578%2C434&ssl=1\",\"big\":\"https:\\\/\\\/i0.wp.com\\\/www.downcentar.hr\\\/wp-content\\\/uploads\\\/2016\\\/02\\\/IMG_0363.jpg?fit=578%2C434&ssl=1\",\"thumb\":\"https:\\\/\\\/i0.wp.com\\\/www.downcentar.hr\\\/wp-content\\\/uploads\\\/2016\\\/02\\\/IMG_0363.jpg?resize=150%2C150&ssl=1\",\"title\":\"IMG_0363\",\"description\":\"\"}],\"width\":\"auto\",\"height\":0.7600000000000000088817841970012523233890533447265625,\"autoplay\":false,\"transition\":\"slide\",\"initialTransition\":\"fade\",\"transitionSpeed\":0,\"_delayTime\":4000,\"_hideControls\":false,\"_thumbnailMode\":\"grid\",\"_captionMode\":\"on_expand\"}); });<\/script>\n<p>Karolina u Uliksu&#8230;<\/p>\n<p>&nbsp;<br \/>\n<iframe loading=\"lazy\" width=\"600\" height=\"338\" src=\"https:\/\/www.youtube.com\/embed\/NSq9lX7JBwo?rel=0&amp;showinfo=0\" frameborder=\"0\" allowfullscreen><\/iframe><\/p>\n","protected":false},"excerpt":{"rendered":"<p>Karolina u Uliksu&#8230; &nbsp;<\/p>\n","protected":false},"author":1,"featured_media":773,"comment_status":"open","ping_status":"open","sticky":false,"template":"","format":"standard","meta":{"pgc_sgb_lightbox_settings":"","jetpack_post_was_ever_published":false,"_jetpack_newsletter_access":"","_jetpack_newsletter_tier_id":0,"footnotes":"","jetpack_publicize_message":"","jetpack_is_tweetstorm":false,"jetpack_publicize_feature_enabled":true,"jetpack_social_post_already_shared":true,"jetpack_social_options":{"image_generator_settings":{"template":"highway","enabled":false}}},"categories":[2],"tags":[],"jetpack_publicize_connections":[],"aioseo_notices":[],"jetpack_featured_media_url":"https:\/\/i0.wp.com\/www.downcentar.hr\/wp-content\/uploads\/2016\/02\/IMG_0355.jpg?fit=838%2C629&ssl=1","jetpack_sharing_enabled":true,"jetpack_shortlink":"https:\/\/wp.me\/p78Mt7-cn","jetpack-related-posts":[{"id":4051,"url":"https:\/\/www.downcentar.hr\/hr\/2017\/03\/30\/djevojke-i-mladici-posluzivali-kavu-i-kolace-u-lokalu-u-parlamentu\/","url_meta":{"origin":767,"position":0},"title":"Djevojke i mladi\u0107i poslu\u017eivali kavu i kola\u010de u lokalu u Parlamentu","author":"admin","date":"30\/03\/2017","format":false,"excerpt":"Evo kako to Centar za rehabilitaciju za Down sindrom u Puli radi s mladima; djevojke i mladi\u0107i su poslu\u017eivali kavu i kola\u010de u jednom lokalu u Parlamentu na op\u0107e odu\u0161evljenje. Bravo za ekipu!","rel":"","context":"U &quot;Novosti&quot;","block_context":{"text":"Novosti","link":"https:\/\/www.downcentar.hr\/hr\/category\/novosti\/"},"img":{"alt_text":"","src":"https:\/\/i0.wp.com\/www.downcentar.hr\/wp-content\/uploads\/2017\/03\/par-1.jpg?fit=960%2C720&ssl=1&resize=350%2C200","width":350,"height":200,"srcset":"https:\/\/i0.wp.com\/www.downcentar.hr\/wp-content\/uploads\/2017\/03\/par-1.jpg?fit=960%2C720&ssl=1&resize=350%2C200 1x, https:\/\/i0.wp.com\/www.downcentar.hr\/wp-content\/uploads\/2017\/03\/par-1.jpg?fit=960%2C720&ssl=1&resize=525%2C300 1.5x, https:\/\/i0.wp.com\/www.downcentar.hr\/wp-content\/uploads\/2017\/03\/par-1.jpg?fit=960%2C720&ssl=1&resize=700%2C400 2x"},"classes":[]},{"id":5230,"url":"https:\/\/www.downcentar.hr\/hr\/2019\/07\/01\/erasmus-project-upgo\/","url_meta":{"origin":767,"position":1},"title":"&#8220;Erasmus project Up&#038;Go&#8221;","author":"admin","date":"01\/07\/2019","format":false,"excerpt":"DSC Pula partner je u me\u0111unarodnom Erasmus+ projektu. Do sada su odr\u017eana dva sastanka, u Kristianstadu u \u0160vedskoj i u Stavangeru u Norve\u0161koj, te se veselimo tre\u0107em u DSC Pula u rujnu.","rel":"","context":"U &quot;Novosti&quot;","block_context":{"text":"Novosti","link":"https:\/\/www.downcentar.hr\/hr\/category\/novosti\/"},"img":{"alt_text":"","src":"https:\/\/i0.wp.com\/www.downcentar.hr\/wp-content\/uploads\/2019\/07\/65654279_2290097667751095_8040282845169582080_n.jpg?fit=1200%2C900&ssl=1&resize=350%2C200","width":350,"height":200,"srcset":"https:\/\/i0.wp.com\/www.downcentar.hr\/wp-content\/uploads\/2019\/07\/65654279_2290097667751095_8040282845169582080_n.jpg?fit=1200%2C900&ssl=1&resize=350%2C200 1x, https:\/\/i0.wp.com\/www.downcentar.hr\/wp-content\/uploads\/2019\/07\/65654279_2290097667751095_8040282845169582080_n.jpg?fit=1200%2C900&ssl=1&resize=525%2C300 1.5x, https:\/\/i0.wp.com\/www.downcentar.hr\/wp-content\/uploads\/2019\/07\/65654279_2290097667751095_8040282845169582080_n.jpg?fit=1200%2C900&ssl=1&resize=700%2C400 2x, https:\/\/i0.wp.com\/www.downcentar.hr\/wp-content\/uploads\/2019\/07\/65654279_2290097667751095_8040282845169582080_n.jpg?fit=1200%2C900&ssl=1&resize=1050%2C600 3x"},"classes":[]},{"id":4057,"url":"https:\/\/www.downcentar.hr\/hr\/2017\/03\/30\/u-europarlamentu-predstavljena-rehabilitacija-osoba-s-downovim-sindromom\/","url_meta":{"origin":767,"position":2},"title":"U Europarlamentu predstavljena rehabilitacija osoba s Downovim sindromom","author":"admin","date":"30\/03\/2017","format":false,"excerpt":"Na poziv zastupnika Ivana Jakov\u010di\u0107a te zastupnica Dubravke \u0160uice i Ivane Maleti\u0107, Europski parlament su posjetili polaznici rehabilitacijskih programa Centra za Downov sindrom iz Pule. Nakon sudjelovanja na Konferenciji o multidisciplinarnoj rehabilitaciji osoba s Downovim sindromom, dvanaestoro polaznika pulskog Centra eurozastupnicima su u parlamentarnom kafi\u0107u poslu\u017eivali kavu i kola\u010de. Cijenjeni\u2026","rel":"","context":"U &quot;Novosti&quot;","block_context":{"text":"Novosti","link":"https:\/\/www.downcentar.hr\/hr\/category\/novosti\/"},"img":{"alt_text":"","src":"https:\/\/i0.wp.com\/www.downcentar.hr\/wp-content\/uploads\/2017\/03\/GO03354228.jpg?fit=643%2C320&ssl=1&resize=350%2C200","width":350,"height":200,"srcset":"https:\/\/i0.wp.com\/www.downcentar.hr\/wp-content\/uploads\/2017\/03\/GO03354228.jpg?fit=643%2C320&ssl=1&resize=350%2C200 1x, https:\/\/i0.wp.com\/www.downcentar.hr\/wp-content\/uploads\/2017\/03\/GO03354228.jpg?fit=643%2C320&ssl=1&resize=525%2C300 1.5x"},"classes":[]},{"id":4388,"url":"https:\/\/www.downcentar.hr\/hr\/2017\/10\/11\/rujan-u-zagrebu\/","url_meta":{"origin":767,"position":3},"title":"Rujan u Zagrebu","author":"admin","date":"11\/10\/2017","format":false,"excerpt":"Posjetili smo na\u0161eg najfrizera Marka, bili u tunelu u kojem pada ki\u0161a, dru\u017eili se, u\u017eivali :)","rel":"","context":"U &quot;Novosti&quot;","block_context":{"text":"Novosti","link":"https:\/\/www.downcentar.hr\/hr\/category\/novosti\/"},"img":{"alt_text":"","src":"https:\/\/i0.wp.com\/www.downcentar.hr\/wp-content\/uploads\/2017\/10\/IMG_3398.jpg?fit=936%2C702&ssl=1&resize=350%2C200","width":350,"height":200,"srcset":"https:\/\/i0.wp.com\/www.downcentar.hr\/wp-content\/uploads\/2017\/10\/IMG_3398.jpg?fit=936%2C702&ssl=1&resize=350%2C200 1x, https:\/\/i0.wp.com\/www.downcentar.hr\/wp-content\/uploads\/2017\/10\/IMG_3398.jpg?fit=936%2C702&ssl=1&resize=525%2C300 1.5x, https:\/\/i0.wp.com\/www.downcentar.hr\/wp-content\/uploads\/2017\/10\/IMG_3398.jpg?fit=936%2C702&ssl=1&resize=700%2C400 2x"},"classes":[]},{"id":4042,"url":"https:\/\/www.downcentar.hr\/hr\/2017\/03\/30\/clanovi-centra-down-syndrome-pula-stigli-u-dvodnevni-posjet-europskom-parlamentu\/","url_meta":{"origin":767,"position":4},"title":"\u010clanovi centra Down Syndrome Pula stigli u dvodnevni posjet Europskom parlamentu","author":"admin","date":"30\/03\/2017","format":false,"excerpt":"\u010clanovi centra Down Syndrome Pula stigli su danas u dvodnevni posjet Europskom parlamentu na poziv zastupnica Dubravka Suica i Ivana Maleti\u0107 (EPP) i zastupnika Ivan Jakov\u010di\u0107 (ALDE). U tijeku je predavanje u EP-u o njegovom radu i funkcijama, dok \u0107e sutra biti odr\u017eana konferencija \"Multidisciplinary rehabilitation of Down Syndrome \u2013\u2026","rel":"","context":"U &quot;Novosti&quot;","block_context":{"text":"Novosti","link":"https:\/\/www.downcentar.hr\/hr\/category\/novosti\/"},"img":{"alt_text":"","src":"https:\/\/i0.wp.com\/www.downcentar.hr\/wp-content\/uploads\/2017\/03\/u-briselu.jpg?fit=1200%2C900&ssl=1&resize=350%2C200","width":350,"height":200,"srcset":"https:\/\/i0.wp.com\/www.downcentar.hr\/wp-content\/uploads\/2017\/03\/u-briselu.jpg?fit=1200%2C900&ssl=1&resize=350%2C200 1x, https:\/\/i0.wp.com\/www.downcentar.hr\/wp-content\/uploads\/2017\/03\/u-briselu.jpg?fit=1200%2C900&ssl=1&resize=525%2C300 1.5x, https:\/\/i0.wp.com\/www.downcentar.hr\/wp-content\/uploads\/2017\/03\/u-briselu.jpg?fit=1200%2C900&ssl=1&resize=700%2C400 2x, https:\/\/i0.wp.com\/www.downcentar.hr\/wp-content\/uploads\/2017\/03\/u-briselu.jpg?fit=1200%2C900&ssl=1&resize=1050%2C600 3x"},"classes":[]},{"id":3670,"url":"https:\/\/www.downcentar.hr\/hr\/2016\/09\/27\/u-zdravom-tijelu-zdrav-duh-video\/","url_meta":{"origin":767,"position":5},"title":"U ZDRAVOM TIJELU, ZDRAV DUH &#8211; (Video)","author":"admin","date":"27\/09\/2016","format":false,"excerpt":"U zdravom tijelu, zdrav duh...","rel":"","context":"U &quot;Novosti&quot;","block_context":{"text":"Novosti","link":"https:\/\/www.downcentar.hr\/hr\/category\/novosti\/"},"img":{"alt_text":"","src":"https:\/\/i0.wp.com\/www.downcentar.hr\/wp-content\/uploads\/2016\/09\/u-zdravom-tijelu-zdrav-duh-video.jpg?fit=480%2C360&ssl=1&resize=350%2C200","width":350,"height":200},"classes":[]}],"_links":{"self":[{"href":"https:\/\/www.downcentar.hr\/hr\/wp-json\/wp\/v2\/posts\/767"}],"collection":[{"href":"https:\/\/www.downcentar.hr\/hr\/wp-json\/wp\/v2\/posts"}],"about":[{"href":"https:\/\/www.downcentar.hr\/hr\/wp-json\/wp\/v2\/types\/post"}],"author":[{"embeddable":true,"href":"https:\/\/www.downcentar.hr\/hr\/wp-json\/wp\/v2\/users\/1"}],"replies":[{"embeddable":true,"href":"https:\/\/www.downcentar.hr\/hr\/wp-json\/wp\/v2\/comments?post=767"}],"version-history":[{"count":0,"href":"https:\/\/www.downcentar.hr\/hr\/wp-json\/wp\/v2\/posts\/767\/revisions"}],"wp:featuredmedia":[{"embeddable":true,"href":"https:\/\/www.downcentar.hr\/hr\/wp-json\/wp\/v2\/media\/773"}],"wp:attachment":[{"href":"https:\/\/www.downcentar.hr\/hr\/wp-json\/wp\/v2\/media?parent=767"}],"wp:term":[{"taxonomy":"category","embeddable":true,"href":"https:\/\/www.downcentar.hr\/hr\/wp-json\/wp\/v2\/categories?post=767"},{"taxonomy":"post_tag","embeddable":true,"href":"https:\/\/www.downcentar.hr\/hr\/wp-json\/wp\/v2\/tags?post=767"}],"curies":[{"name":"wp","href":"https:\/\/api.w.org\/{rel}","templated":true}]}}