{"id":859,"date":"2016-02-06T07:00:51","date_gmt":"2016-02-06T07:00:51","guid":{"rendered":"http:\/\/www.downcentar.hr\/?p=859"},"modified":"2016-02-07T15:12:09","modified_gmt":"2016-02-07T15:12:09","slug":"veseli-strumfovi-na-karnevalu-u-zemlji-zabave","status":"publish","type":"post","link":"https:\/\/www.downcentar.hr\/hr\/2016\/02\/06\/veseli-strumfovi-na-karnevalu-u-zemlji-zabave\/","title":{"rendered":"Veseli \u0161trumfovi na karnevalu u Zemlji zabave..:)))"},"content":{"rendered":"<div id=\"amw_galleria_slideshow_1\" class=\"amw-galleria-slideshow\"><\/div>\n<script type=\"text\/javascript\">jQuery(document).ready(function(){ jQuery(\"#amw_galleria_slideshow_1\").galleria({\"dataSource\":[{\"image\":\"https:\\\/\\\/i0.wp.com\\\/www.downcentar.hr\\\/wp-content\\\/uploads\\\/2016\\\/02\\\/IMG_0640.jpg?fit=578%2C434&ssl=1\",\"big\":\"https:\\\/\\\/i0.wp.com\\\/www.downcentar.hr\\\/wp-content\\\/uploads\\\/2016\\\/02\\\/IMG_0640.jpg?fit=578%2C434&ssl=1\",\"thumb\":\"https:\\\/\\\/i0.wp.com\\\/www.downcentar.hr\\\/wp-content\\\/uploads\\\/2016\\\/02\\\/IMG_0640.jpg?resize=150%2C150&ssl=1\",\"title\":\"IMG_0640\",\"description\":\"\"},{\"image\":\"https:\\\/\\\/i0.wp.com\\\/www.downcentar.hr\\\/wp-content\\\/uploads\\\/2016\\\/02\\\/IMG_0641.jpg?fit=578%2C434&ssl=1\",\"big\":\"https:\\\/\\\/i0.wp.com\\\/www.downcentar.hr\\\/wp-content\\\/uploads\\\/2016\\\/02\\\/IMG_0641.jpg?fit=578%2C434&ssl=1\",\"thumb\":\"https:\\\/\\\/i0.wp.com\\\/www.downcentar.hr\\\/wp-content\\\/uploads\\\/2016\\\/02\\\/IMG_0641.jpg?resize=150%2C150&ssl=1\",\"title\":\"IMG_0641\",\"description\":\"\"},{\"image\":\"https:\\\/\\\/i0.wp.com\\\/www.downcentar.hr\\\/wp-content\\\/uploads\\\/2016\\\/02\\\/IMG_0642.jpg?fit=578%2C434&ssl=1\",\"big\":\"https:\\\/\\\/i0.wp.com\\\/www.downcentar.hr\\\/wp-content\\\/uploads\\\/2016\\\/02\\\/IMG_0642.jpg?fit=578%2C434&ssl=1\",\"thumb\":\"https:\\\/\\\/i0.wp.com\\\/www.downcentar.hr\\\/wp-content\\\/uploads\\\/2016\\\/02\\\/IMG_0642.jpg?resize=150%2C150&ssl=1\",\"title\":\"IMG_0642\",\"description\":\"\"},{\"image\":\"https:\\\/\\\/i0.wp.com\\\/www.downcentar.hr\\\/wp-content\\\/uploads\\\/2016\\\/02\\\/IMG_0643.jpg?fit=578%2C434&ssl=1\",\"big\":\"https:\\\/\\\/i0.wp.com\\\/www.downcentar.hr\\\/wp-content\\\/uploads\\\/2016\\\/02\\\/IMG_0643.jpg?fit=578%2C434&ssl=1\",\"thumb\":\"https:\\\/\\\/i0.wp.com\\\/www.downcentar.hr\\\/wp-content\\\/uploads\\\/2016\\\/02\\\/IMG_0643.jpg?resize=150%2C150&ssl=1\",\"title\":\"IMG_0643\",\"description\":\"\"},{\"image\":\"https:\\\/\\\/i0.wp.com\\\/www.downcentar.hr\\\/wp-content\\\/uploads\\\/2016\\\/02\\\/IMG_0644.jpg?fit=578%2C434&ssl=1\",\"big\":\"https:\\\/\\\/i0.wp.com\\\/www.downcentar.hr\\\/wp-content\\\/uploads\\\/2016\\\/02\\\/IMG_0644.jpg?fit=578%2C434&ssl=1\",\"thumb\":\"https:\\\/\\\/i0.wp.com\\\/www.downcentar.hr\\\/wp-content\\\/uploads\\\/2016\\\/02\\\/IMG_0644.jpg?resize=150%2C150&ssl=1\",\"title\":\"IMG_0644\",\"description\":\"\"},{\"image\":\"https:\\\/\\\/i0.wp.com\\\/www.downcentar.hr\\\/wp-content\\\/uploads\\\/2016\\\/02\\\/IMG_0645.jpg?fit=578%2C434&ssl=1\",\"big\":\"https:\\\/\\\/i0.wp.com\\\/www.downcentar.hr\\\/wp-content\\\/uploads\\\/2016\\\/02\\\/IMG_0645.jpg?fit=578%2C434&ssl=1\",\"thumb\":\"https:\\\/\\\/i0.wp.com\\\/www.downcentar.hr\\\/wp-content\\\/uploads\\\/2016\\\/02\\\/IMG_0645.jpg?resize=150%2C150&ssl=1\",\"title\":\"IMG_0645\",\"description\":\"\"},{\"image\":\"https:\\\/\\\/i0.wp.com\\\/www.downcentar.hr\\\/wp-content\\\/uploads\\\/2016\\\/02\\\/IMG_0646.jpg?fit=578%2C434&ssl=1\",\"big\":\"https:\\\/\\\/i0.wp.com\\\/www.downcentar.hr\\\/wp-content\\\/uploads\\\/2016\\\/02\\\/IMG_0646.jpg?fit=578%2C434&ssl=1\",\"thumb\":\"https:\\\/\\\/i0.wp.com\\\/www.downcentar.hr\\\/wp-content\\\/uploads\\\/2016\\\/02\\\/IMG_0646.jpg?resize=150%2C150&ssl=1\",\"title\":\"IMG_0646\",\"description\":\"\"},{\"image\":\"https:\\\/\\\/i0.wp.com\\\/www.downcentar.hr\\\/wp-content\\\/uploads\\\/2016\\\/02\\\/IMG_0647.jpg?fit=578%2C434&ssl=1\",\"big\":\"https:\\\/\\\/i0.wp.com\\\/www.downcentar.hr\\\/wp-content\\\/uploads\\\/2016\\\/02\\\/IMG_0647.jpg?fit=578%2C434&ssl=1\",\"thumb\":\"https:\\\/\\\/i0.wp.com\\\/www.downcentar.hr\\\/wp-content\\\/uploads\\\/2016\\\/02\\\/IMG_0647.jpg?resize=150%2C150&ssl=1\",\"title\":\"IMG_0647\",\"description\":\"\"},{\"image\":\"https:\\\/\\\/i0.wp.com\\\/www.downcentar.hr\\\/wp-content\\\/uploads\\\/2016\\\/02\\\/IMG_0649.jpg?fit=578%2C434&ssl=1\",\"big\":\"https:\\\/\\\/i0.wp.com\\\/www.downcentar.hr\\\/wp-content\\\/uploads\\\/2016\\\/02\\\/IMG_0649.jpg?fit=578%2C434&ssl=1\",\"thumb\":\"https:\\\/\\\/i0.wp.com\\\/www.downcentar.hr\\\/wp-content\\\/uploads\\\/2016\\\/02\\\/IMG_0649.jpg?resize=150%2C150&ssl=1\",\"title\":\"IMG_0649\",\"description\":\"\"},{\"image\":\"https:\\\/\\\/i0.wp.com\\\/www.downcentar.hr\\\/wp-content\\\/uploads\\\/2016\\\/02\\\/IMG_0635.jpg?fit=578%2C434&ssl=1\",\"big\":\"https:\\\/\\\/i0.wp.com\\\/www.downcentar.hr\\\/wp-content\\\/uploads\\\/2016\\\/02\\\/IMG_0635.jpg?fit=578%2C434&ssl=1\",\"thumb\":\"https:\\\/\\\/i0.wp.com\\\/www.downcentar.hr\\\/wp-content\\\/uploads\\\/2016\\\/02\\\/IMG_0635.jpg?resize=150%2C150&ssl=1\",\"title\":\"IMG_0635\",\"description\":\"\"},{\"image\":\"https:\\\/\\\/i0.wp.com\\\/www.downcentar.hr\\\/wp-content\\\/uploads\\\/2016\\\/02\\\/IMG_0637.jpg?fit=578%2C434&ssl=1\",\"big\":\"https:\\\/\\\/i0.wp.com\\\/www.downcentar.hr\\\/wp-content\\\/uploads\\\/2016\\\/02\\\/IMG_0637.jpg?fit=578%2C434&ssl=1\",\"thumb\":\"https:\\\/\\\/i0.wp.com\\\/www.downcentar.hr\\\/wp-content\\\/uploads\\\/2016\\\/02\\\/IMG_0637.jpg?resize=150%2C150&ssl=1\",\"title\":\"IMG_0637\",\"description\":\"\"},{\"image\":\"https:\\\/\\\/i0.wp.com\\\/www.downcentar.hr\\\/wp-content\\\/uploads\\\/2016\\\/02\\\/IMG_0638.jpg?fit=578%2C434&ssl=1\",\"big\":\"https:\\\/\\\/i0.wp.com\\\/www.downcentar.hr\\\/wp-content\\\/uploads\\\/2016\\\/02\\\/IMG_0638.jpg?fit=578%2C434&ssl=1\",\"thumb\":\"https:\\\/\\\/i0.wp.com\\\/www.downcentar.hr\\\/wp-content\\\/uploads\\\/2016\\\/02\\\/IMG_0638.jpg?resize=150%2C150&ssl=1\",\"title\":\"IMG_0638\",\"description\":\"\"},{\"image\":\"https:\\\/\\\/i0.wp.com\\\/www.downcentar.hr\\\/wp-content\\\/uploads\\\/2016\\\/02\\\/IMG_0639.jpg?fit=578%2C434&ssl=1\",\"big\":\"https:\\\/\\\/i0.wp.com\\\/www.downcentar.hr\\\/wp-content\\\/uploads\\\/2016\\\/02\\\/IMG_0639.jpg?fit=578%2C434&ssl=1\",\"thumb\":\"https:\\\/\\\/i0.wp.com\\\/www.downcentar.hr\\\/wp-content\\\/uploads\\\/2016\\\/02\\\/IMG_0639.jpg?resize=150%2C150&ssl=1\",\"title\":\"IMG_0639\",\"description\":\"\"}],\"width\":\"auto\",\"height\":0.7600000000000000088817841970012523233890533447265625,\"autoplay\":false,\"transition\":\"slide\",\"initialTransition\":\"fade\",\"transitionSpeed\":0,\"_delayTime\":4000,\"_hideControls\":false,\"_thumbnailMode\":\"grid\",\"_captionMode\":\"on_expand\"}); });<\/script>\n<p>Veseli \u0161trumfovi na karnevalu u Zemlji zabave..:)))<\/p>\n","protected":false},"excerpt":{"rendered":"<p>Veseli \u0161trumfovi na karnevalu u Zemlji zabave..:)))<\/p>\n","protected":false},"author":1,"featured_media":869,"comment_status":"open","ping_status":"open","sticky":false,"template":"","format":"standard","meta":{"pgc_sgb_lightbox_settings":"","jetpack_post_was_ever_published":false,"_jetpack_newsletter_access":"","_jetpack_newsletter_tier_id":0,"footnotes":"","jetpack_publicize_message":"","jetpack_is_tweetstorm":false,"jetpack_publicize_feature_enabled":true,"jetpack_social_post_already_shared":true,"jetpack_social_options":{"image_generator_settings":{"template":"highway","enabled":false}}},"categories":[2],"tags":[],"jetpack_publicize_connections":[],"aioseo_notices":[],"jetpack_featured_media_url":"https:\/\/i0.wp.com\/www.downcentar.hr\/wp-content\/uploads\/2016\/02\/IMG_0647.jpg?fit=788%2C591&ssl=1","jetpack_sharing_enabled":true,"jetpack_shortlink":"https:\/\/wp.me\/p78Mt7-dR","jetpack-related-posts":[{"id":4135,"url":"https:\/\/www.downcentar.hr\/hr\/2017\/03\/30\/konferencija-o-rehabilitaciji-osoba-s-downovim-sindromom\/","url_meta":{"origin":859,"position":0},"title":"Konferencija o rehabilitaciji osoba s Downovim sindromom","author":"admin","date":"30\/03\/2017","format":false,"excerpt":"Na poziv hrvatskih zastupnika u Europskom parlamentu Dubravke \u0160uice, Ivane Maleti\u0107 i Ivana Jakov\u010di\u0107a te u suradnji s Centrom za rehabilitaciju za osobe s Downovim sindromom (DS) i njihove obitelji u Puli, u Bruxellesu je danas odr\u017eana konferencija pod naslovom \u201eVi\u0161edisciplinarna rehabilitacija osoba s Downovim sindromom - uvjet za integraciju\u201c.\u2026","rel":"","context":"U &quot;Novosti&quot;","block_context":{"text":"Novosti","link":"https:\/\/www.downcentar.hr\/hr\/category\/novosti\/"},"img":{"alt_text":"","src":"https:\/\/i0.wp.com\/www.downcentar.hr\/wp-content\/uploads\/2017\/03\/image2.jpg?fit=620%2C413&ssl=1&resize=350%2C200","width":350,"height":200,"srcset":"https:\/\/i0.wp.com\/www.downcentar.hr\/wp-content\/uploads\/2017\/03\/image2.jpg?fit=620%2C413&ssl=1&resize=350%2C200 1x, https:\/\/i0.wp.com\/www.downcentar.hr\/wp-content\/uploads\/2017\/03\/image2.jpg?fit=620%2C413&ssl=1&resize=525%2C300 1.5x"},"classes":[]},{"id":4057,"url":"https:\/\/www.downcentar.hr\/hr\/2017\/03\/30\/u-europarlamentu-predstavljena-rehabilitacija-osoba-s-downovim-sindromom\/","url_meta":{"origin":859,"position":1},"title":"U Europarlamentu predstavljena rehabilitacija osoba s Downovim sindromom","author":"admin","date":"30\/03\/2017","format":false,"excerpt":"Na poziv zastupnika Ivana Jakov\u010di\u0107a te zastupnica Dubravke \u0160uice i Ivane Maleti\u0107, Europski parlament su posjetili polaznici rehabilitacijskih programa Centra za Downov sindrom iz Pule. Nakon sudjelovanja na Konferenciji o multidisciplinarnoj rehabilitaciji osoba s Downovim sindromom, dvanaestoro polaznika pulskog Centra eurozastupnicima su u parlamentarnom kafi\u0107u poslu\u017eivali kavu i kola\u010de. Cijenjeni\u2026","rel":"","context":"U &quot;Novosti&quot;","block_context":{"text":"Novosti","link":"https:\/\/www.downcentar.hr\/hr\/category\/novosti\/"},"img":{"alt_text":"","src":"https:\/\/i0.wp.com\/www.downcentar.hr\/wp-content\/uploads\/2017\/03\/GO03354228.jpg?fit=643%2C320&ssl=1&resize=350%2C200","width":350,"height":200,"srcset":"https:\/\/i0.wp.com\/www.downcentar.hr\/wp-content\/uploads\/2017\/03\/GO03354228.jpg?fit=643%2C320&ssl=1&resize=350%2C200 1x, https:\/\/i0.wp.com\/www.downcentar.hr\/wp-content\/uploads\/2017\/03\/GO03354228.jpg?fit=643%2C320&ssl=1&resize=525%2C300 1.5x"},"classes":[]},{"id":5263,"url":"https:\/\/www.downcentar.hr\/hr\/2019\/10\/26\/konferencija-hranom-do-zdravlja-u-osijeku\/","url_meta":{"origin":859,"position":2},"title":"Konferencija &#8220;Hranom do zdravlja&#8221; u Osijeku","author":"admin","date":"26\/10\/2019","format":false,"excerpt":"Down sindrom centar je na poziv\u00a0doc.dr.sc. Maje Ergovi\u0107 Ravan\u010di\u0107, stu\u010dnjakinje za prehrambenu tehnologiju sa Veleu\u010dilista u Po\u017eegi i mame djevoj\u010dice Lucije sa Down sindromom, sudjelovao kao gost na me\u0111unarodnom znanstveno- stru\u010dnom skupu u Osijeku pod nazivom Hranom do zdravlja. G\u0111a Ergovi\u0107 Ravan\u010di\u0107 je odr\u017eala izrazito zanimljivo predavanje pod nazivom \u201cUpotreba\u2026","rel":"","context":"U &quot;Novosti&quot;","block_context":{"text":"Novosti","link":"https:\/\/www.downcentar.hr\/hr\/category\/novosti\/"},"img":{"alt_text":"","src":"https:\/\/i0.wp.com\/www.downcentar.hr\/wp-content\/uploads\/2019\/10\/3.jpg?fit=640%2C480&ssl=1&resize=350%2C200","width":350,"height":200,"srcset":"https:\/\/i0.wp.com\/www.downcentar.hr\/wp-content\/uploads\/2019\/10\/3.jpg?fit=640%2C480&ssl=1&resize=350%2C200 1x, https:\/\/i0.wp.com\/www.downcentar.hr\/wp-content\/uploads\/2019\/10\/3.jpg?fit=640%2C480&ssl=1&resize=525%2C300 1.5x"},"classes":[]},{"id":3934,"url":"https:\/\/www.downcentar.hr\/hr\/2017\/03\/30\/dsc-pula-sudjelovala-na-world-youth-alliance-europe\/","url_meta":{"origin":859,"position":3},"title":"DSC Pula sudjelovala na &#8221;WORLD YOUTH ALLIANCE EUROPE&#8221;","author":"admin","date":"30\/03\/2017","format":false,"excerpt":"Ponosni smo \u0161to nas je ''WORLD YOUTH ALLIANCE EUROPE'' pozvao na sudjelovanje u kampanji s ciljem podizanja svijesti o osobama s Down sindromom.... Oni ne mogu imati savr\u0161en par kromosoma, ali su savr\u0161eni u svojoj razli\u010ditosti! Downcentar.hr","rel":"","context":"U &quot;Novosti&quot;","block_context":{"text":"Novosti","link":"https:\/\/www.downcentar.hr\/hr\/category\/novosti\/"},"img":{"alt_text":"","src":"https:\/\/i0.wp.com\/www.downcentar.hr\/wp-content\/uploads\/2017\/03\/wor1.jpg?fit=1200%2C900&ssl=1&resize=350%2C200","width":350,"height":200,"srcset":"https:\/\/i0.wp.com\/www.downcentar.hr\/wp-content\/uploads\/2017\/03\/wor1.jpg?fit=1200%2C900&ssl=1&resize=350%2C200 1x, https:\/\/i0.wp.com\/www.downcentar.hr\/wp-content\/uploads\/2017\/03\/wor1.jpg?fit=1200%2C900&ssl=1&resize=525%2C300 1.5x, https:\/\/i0.wp.com\/www.downcentar.hr\/wp-content\/uploads\/2017\/03\/wor1.jpg?fit=1200%2C900&ssl=1&resize=700%2C400 2x, https:\/\/i0.wp.com\/www.downcentar.hr\/wp-content\/uploads\/2017\/03\/wor1.jpg?fit=1200%2C900&ssl=1&resize=1050%2C600 3x"},"classes":[]},{"id":4051,"url":"https:\/\/www.downcentar.hr\/hr\/2017\/03\/30\/djevojke-i-mladici-posluzivali-kavu-i-kolace-u-lokalu-u-parlamentu\/","url_meta":{"origin":859,"position":4},"title":"Djevojke i mladi\u0107i poslu\u017eivali kavu i kola\u010de u lokalu u Parlamentu","author":"admin","date":"30\/03\/2017","format":false,"excerpt":"Evo kako to Centar za rehabilitaciju za Down sindrom u Puli radi s mladima; djevojke i mladi\u0107i su poslu\u017eivali kavu i kola\u010de u jednom lokalu u Parlamentu na op\u0107e odu\u0161evljenje. Bravo za ekipu!","rel":"","context":"U &quot;Novosti&quot;","block_context":{"text":"Novosti","link":"https:\/\/www.downcentar.hr\/hr\/category\/novosti\/"},"img":{"alt_text":"","src":"https:\/\/i0.wp.com\/www.downcentar.hr\/wp-content\/uploads\/2017\/03\/par-1.jpg?fit=960%2C720&ssl=1&resize=350%2C200","width":350,"height":200,"srcset":"https:\/\/i0.wp.com\/www.downcentar.hr\/wp-content\/uploads\/2017\/03\/par-1.jpg?fit=960%2C720&ssl=1&resize=350%2C200 1x, https:\/\/i0.wp.com\/www.downcentar.hr\/wp-content\/uploads\/2017\/03\/par-1.jpg?fit=960%2C720&ssl=1&resize=525%2C300 1.5x, https:\/\/i0.wp.com\/www.downcentar.hr\/wp-content\/uploads\/2017\/03\/par-1.jpg?fit=960%2C720&ssl=1&resize=700%2C400 2x"},"classes":[]},{"id":4243,"url":"https:\/\/www.downcentar.hr\/hr\/2017\/05\/29\/obavijest\/","url_meta":{"origin":859,"position":5},"title":"Obavijest!","author":"admin","date":"29\/05\/2017","format":false,"excerpt":"Dragi na\u0161i, obavje\u0161tavamo Vas kako danas 29.05.2017. i sutra 30.05.2017. godine zbog tehni\u010dkih razloga telefonske linije u Centru ne\u0107e raditi. Za sve informacije mo\u017eete nas dobiti preko na\u0161eg maila info@downcentar.hr ili preko poruka na face - u. Zahvaljujemo na razumijevanju. Uprava DSC Pula...","rel":"","context":"U &quot;Novosti&quot;","block_context":{"text":"Novosti","link":"https:\/\/www.downcentar.hr\/hr\/category\/novosti\/"},"img":{"alt_text":"","src":"","width":0,"height":0},"classes":[]}],"_links":{"self":[{"href":"https:\/\/www.downcentar.hr\/hr\/wp-json\/wp\/v2\/posts\/859"}],"collection":[{"href":"https:\/\/www.downcentar.hr\/hr\/wp-json\/wp\/v2\/posts"}],"about":[{"href":"https:\/\/www.downcentar.hr\/hr\/wp-json\/wp\/v2\/types\/post"}],"author":[{"embeddable":true,"href":"https:\/\/www.downcentar.hr\/hr\/wp-json\/wp\/v2\/users\/1"}],"replies":[{"embeddable":true,"href":"https:\/\/www.downcentar.hr\/hr\/wp-json\/wp\/v2\/comments?post=859"}],"version-history":[{"count":0,"href":"https:\/\/www.downcentar.hr\/hr\/wp-json\/wp\/v2\/posts\/859\/revisions"}],"wp:featuredmedia":[{"embeddable":true,"href":"https:\/\/www.downcentar.hr\/hr\/wp-json\/wp\/v2\/media\/869"}],"wp:attachment":[{"href":"https:\/\/www.downcentar.hr\/hr\/wp-json\/wp\/v2\/media?parent=859"}],"wp:term":[{"taxonomy":"category","embeddable":true,"href":"https:\/\/www.downcentar.hr\/hr\/wp-json\/wp\/v2\/categories?post=859"},{"taxonomy":"post_tag","embeddable":true,"href":"https:\/\/www.downcentar.hr\/hr\/wp-json\/wp\/v2\/tags?post=859"}],"curies":[{"name":"wp","href":"https:\/\/api.w.org\/{rel}","templated":true}]}}